{"id":1058,"date":"2026-09-05T19:45:33","date_gmt":"2026-09-05T19:45:33","guid":{"rendered":"https:\/\/nezsaiotemplom.hu\/?p=1058"},"modified":"2026-09-06T02:03:12","modified_gmt":"2026-09-06T02:03:12","slug":"ipoly-atya-oroksege","status":"publish","type":"post","link":"https:\/\/nezsaiotemplom.hu\/index.php\/2026\/09\/05\/ipoly-atya-oroksege\/","title":{"rendered":"Ipoly atya \u00f6r\u00f6ks\u00e9ge"},"content":{"rendered":"\n<h3 class=\"wp-block-heading\">Sokadj\u00e1ra \u00e1llok neki ennek a posztnak, mert engem is igaz\u00e1n m\u00e9lyen \u00e9rintett, ahogyan mindny\u00e1junkat, hogy Ipoly atya t\u00e1vozott k\u00f6z\u00fcl\u00fcnk. Sok olyan tervem, \u00f6tletem volt, ahol sz\u00e1m\u00edtottam volna jelenl\u00e9t\u00e9re, t\u00e1mogat\u00e1s\u00e1ra, \u00f6tleteire. B\u00edztat\u00f3 atyai jelenval\u00f3s\u00e1g\u00e1ra. Az egyik ilyen \u00e1lmom, hogy egyszer a templomrommal is kezdj\u00fcnk valamit. Nemcsak egy m\u00faltfelt\u00e1r\u00f3 \u00e1sat\u00e1sra gondolok, hanem arra, hogy a f\u00f6ld alatt nyugv\u00f3 falakat a felsz\u00ednre hozzuk, megmutassuk, \u00e9s \u00edgy \u00e1poljuk kell\u0151 szeretettel \u00e9s gondoss\u00e1ggal k\u00f6zs\u00e9g\u00fcnk m\u00faltj\u00e1t, egykori lak\u00f3inak, az \u0151seinknek eml\u00e9kezet\u00e9t. Ez persze az \u00e9n szem\u00e9lyes v\u00e1gyam, nem akarom a k\u00f6z\u00f6ss\u00e9gre er\u0151ltetni, ennek eld\u00f6nt\u00e9se a telep\u00fcl\u00e9s\u00fcnk lak\u00f3inak k\u00f6z\u00f6s feladata lesz. Amir\u0151l most \u00edrni szeretn\u00e9k nektek, az annak ink\u00e1bb csak lehet\u0151s\u00e9ge, hogy a templomromot ne csak t\u00f6rt\u00e9nelmi romk\u00e9nt, hanem szakr\u00e1lis, vall\u00e1si t\u00e9rk\u00e9nt hogyan lehetne bemutatni. Ehhez ugyanis <a href=\"https:\/\/nezsaiotemplom.hu\/index.php\/2026\/08\/30\/beavatas-a-templom-misztikajaba-liturgikus-katekezis\/\" target=\"_blank\" rel=\"noreferrer noopener\">nagyon fontos elm\u00e9leti t\u00e1mpontokat fogalmazott meg Ipoly atya<\/a>, m\u00e9gha nemr\u00e9giben k\u00f6zreadott el\u0151ad\u00e1s\u00e1t nem is ennek a c\u00e9lnak az \u00e9rdek\u00e9ben \u00e1ll\u00edtotta volt \u00f6ssze. Szempontjai azonban, ha egyszer majd a k\u00f6zs\u00e9g \u00fagy hat\u00e1roz, mindenkor k\u00f6vetend\u0151 mint\u00e1nak tekintend\u0151k. Ez teh\u00e1t Ipoly atya egyik fontos \u00f6r\u00f6ks\u00e9ge, amelyr\u0151l nem feledkezhet\u00fcnk el.<\/h3>\n\n\n\n<p class=\"wp-block-paragraph\">Most Ipoly aty\u00e1ra fogunk eml\u00e9kezni, de \u00fagy, hogy mik\u00f6zben el\u0151ad\u00e1s\u00e1nak sorait olvass\u00e1tok, k\u00e9pzelj\u00e9tek magatok el\u00e9 a n\u00e9zsai temet\u0151dombot, az ott, a felsz\u00edn alatt pihen\u0151 templomromot, az alaprajz\u00e1t. A templom egykori bels\u0151 tereit, a haj\u00f3t, a szent\u00e9lyt, az oszlopok \u00e9s az olt\u00e1r hely\u00e9t. Azt a teret, ahov\u00e1 eleink, a kor\u00e1bbi n\u00e9zsaiak egykor im\u00e1dkozni, h\u00e1zasodni, keresztelkedni, temetkezni j\u00e1rtak. Sok sz\u00e1z \u00e9ven kereszt\u00fcl mennyi ima, az im\u00e1kon kereszt\u00fcl mennyi egyszer\u0171 emberi v\u00e1gy fogalmaz\u00f3dott meg a templom m\u00e1ra m\u00e1r nem is l\u00e1that\u00f3 falai k\u00f6z\u00f6tt. Amelyek cseppet sem k\u00fcl\u00f6nb\u00f6znek a mai v\u00e1gyainkt\u00f3l, f\u00e9lelmeinkt\u0151l, rem\u00e9nyeinkt\u0151l. Amik miatt ma is im\u00e1dkozunk. Mennyi \u00f6r\u00f6mnek \u00e9s f\u00e1jdalomnak lehetett sz\u00edntere \u00f3temlomunk. Merthogy a templomoknak ez a sorsa, ez a feladata. \u00c9s a nagy k\u00e9rd\u00e9s, hogy ez -e a dolguk akkor is, ha m\u00e1r egyszer elpusztultak. Ha m\u00e1r csak romjaiban l\u00e9teznek. Mert, ha t\u00f6bbet l\u00e1tunk benn\u00fck torz\u00f3n\u00e1l, t\u00f6rt\u00e9nelmi romokn\u00e1l, ha t\u00f6bbet v\u00e1runk t\u0151l\u00fck, akkor m\u00e9lt\u00f3s\u00e1guk visszaszerz\u00e9s\u00e9hez t\u00e1mpontok kellenek. Itt csatlakozik a t\u00f6rt\u00e9nethez Ipoly atya el\u0151ad\u00e1sa. Az Ipoly atya \u00e1ltal megfogalmazottakat term\u00e9szetesen aj\u00e1nl\u00e1snak kell tekinten\u00fcnk, amelyekb\u0151l min\u00e9l t\u00f6bb megval\u00f3sul, ann\u00e1l ink\u00e1bb m\u00e9lt\u00f3 lehet az \u00f3templom meg\u00fajul\u00e1sa. H\u00e1t l\u00e1ssuk.<\/p>\n\n\n\n<figure class=\"wp-block-image size-full\"><img loading=\"lazy\" decoding=\"async\" width=\"700\" height=\"494\" src=\"https:\/\/nezsaiotemplom.hu\/wp-content\/uploads\/2023\/09\/alaprajzos_kivilagitos14.jpg\" alt=\"\" class=\"wp-image-224\" srcset=\"https:\/\/nezsaiotemplom.hu\/wp-content\/uploads\/2023\/09\/alaprajzos_kivilagitos14.jpg 700w, https:\/\/nezsaiotemplom.hu\/wp-content\/uploads\/2023\/09\/alaprajzos_kivilagitos14-300x212.jpg 300w\" sizes=\"auto, (max-width: 700px) 100vw, 700px\" \/><\/figure>\n\n\n\n<h2 class=\"wp-block-heading\">Az elpusztult templomok miszt\u00e9riuma<\/h2>\n\n\n\n<p class=\"wp-block-paragraph\">Induljunk ki J\u00e9zus szavai nyom\u00e1n, Ipoly atya \u00fatmutat\u00e1sa szerint abb\u00f3l, ahogy a megv\u00e1lt\u00f3 besz\u00e9l:<\/p>\n\n\n\n<blockquote class=\"wp-block-quote is-layout-flow wp-block-quote-is-layout-flow\">\n<p class=\"wp-block-paragraph\">Bonts\u00e1tok le ezt a templomot, \u00e9s \u00e9n h\u00e1rom nap alatt fel\u00e9p\u00edtem \u2013 halljuk J\u00e9zust. Ezt a k\u0151b\u0151l \u00e9p\u00fclt templomot egyszer le kell bontani, hogy csak a lelketek temploma maradjon. Ez a k\u0151\u00e9p\u00fclet ideiglenes, de amit Isten bennetek \u00e9p\u00edt, az lesz a v\u00e9gleges.<\/p>\n<\/blockquote>\n\n\n\n<p class=\"wp-block-paragraph\">Ilyen tekintetben a n\u00e9zsai \u00f3templom romjai \u00e9ppen sz\u00e9pen kifejezn\u00e9k az ideiglenes k\u0151\u00e9p\u00fcletet, amely ir\u00e1nyt mutat Isten benn\u00fcnk \u00e9p\u00edtett, v\u00e9gleges sz\u00e1nd\u00e9k\u00e1ra. Sz\u00e9p szimb\u00f3lum volna m\u00e9g \u00edgy torz\u00f3j\u00e1ban is. Hadd id\u00e9zzem m\u00e9g Ipoly atya szavait, olyan idek\u00edv\u00e1nkoz\u00f3nak \u00e9rzem:<\/p>\n\n\n\n<blockquote class=\"wp-block-quote is-layout-flow wp-block-quote-is-layout-flow\">\n<p class=\"wp-block-paragraph\">A kereszt\u00e9ny templom ez\u00e9rt nem puszt\u00e1n templum, nem csak a b\u0171nbeesett ember s\u00f3v\u00e1rg\u00e1s\u00e1nak helye \u2013 mint a pog\u00e1nyokn\u00e1l \u2013, nem is csup\u00e1n \u00edg\u00e9retek helye, mint a jeruzs\u00e1lemi templom volt, hanem az Isten \u00e9s k\u00f6z\u00f6tt\u00fcnk J\u00e9zusban l\u00e9trej\u00f6tt \u00faj \u00e9s \u00f6r\u00f6k sz\u00f6vets\u00e9g szimb\u00f3luma \u00e9s titokzatos tere. A magyarok r\u00e9gen szentegyh\u00e1znak nevezt\u00e9k, mert azt vallott\u00e1k: ez Krisztus teste, az Egyh\u00e1z! A templom falai nem \u00f6nmaguk miatt szentek, hanem miattunk \u2013 mert mi itt tal\u00e1lkozunk Istennel a vas\u00e1rnapi k\u00f6z\u00f6ss\u00e9gben.<\/p>\n<\/blockquote>\n\n\n\n<h2 class=\"wp-block-heading\">Kell majd egy kapu, meg l\u00e9pcs\u0151<\/h2>\n\n\n\n<p class=\"wp-block-paragraph\">Azt\u00e1n Ipoly atya az egys\u00e9gnyi templom, mint szakr\u00e1lis \u00e9p\u00fclet r\u00e9szleteire t\u00e9r r\u00e1, els\u0151k\u00e9nt is a toronyra, amely az \u00f3templom kapcs\u00e1n irrevel\u00e1ns, m\u00e9gha magasba mutat\u00f3 ujjk\u00e9nt az \u00e9giekre sz\u00f3l\u00edtja fel figyelm\u00fcnket. \u00cdr ugyanakkor harangokr\u00f3l \u00e9s cseng\u0151kr\u0151l, amelyek a \u201ekir\u00e1ly \u00e9rkezt\u00e9t\u201d jelzik, hiszen<\/p>\n\n\n\n<blockquote class=\"wp-block-quote is-layout-flow wp-block-quote-is-layout-flow\">\n<p class=\"wp-block-paragraph\">Isten mindig h\u00edv \u00e9s v\u00e1r benn\u00fcnket.<\/p>\n<\/blockquote>\n\n\n\n<p class=\"wp-block-paragraph\">Ha torony nem is, de egy harang vagy cseng\u0151k teh\u00e1t kieg\u00e9sz\u00edthetn\u00e9k romtemplomunk meg\u00fajul\u00e1s\u00e1t. Hasonl\u00f3k\u00e9ppen egy templomkapu, amelyr\u0151l J\u00e9zus \u00fagy nyilatkozik,<\/p>\n\n\n\n<blockquote class=\"wp-block-quote is-layout-flow wp-block-quote-is-layout-flow\">\n<p class=\"wp-block-paragraph\">\u00c9n vagyok a kapu. Aki rajtam kereszt\u00fcl megy be, \u00fcdv\u00f6z\u00fcl, ki-be j\u00e1r \u00e9s legel\u0151t tal\u00e1l.<\/p>\n<\/blockquote>\n\n\n\n<p class=\"wp-block-paragraph\">Ha teh\u00e1t romtemplomunk falai nem is emelkednek fel majd eredeti m\u00e9reteikbe, egy templomkapu, egy stiliz\u00e1lt bej\u00e1rat p\u00e9ld\u00e1ul kifejez\u0151 \u00e9s szimbolikus volna. Hasonl\u00f3k\u00e9ppen a l\u00e9pcs\u0151k, amelyr\u0151l Ipoly atya \u00fagy \u00edr,<\/p>\n\n\n\n<blockquote class=\"wp-block-quote is-layout-flow wp-block-quote-is-layout-flow\">\n<p class=\"wp-block-paragraph\">a l\u00e9pcs\u0151k sz\u00e1ma hagyom\u00e1nyosan p\u00e1ratlan. A templom hegy n\u00e9lk\u00fcl is magaslat: nem csup\u00e1n horizont\u00e1lisan, hanem vertik\u00e1lisan is van f\u00fcgg\u0151s\u00e9g\u00fcnk. Felfel\u00e9 lehet l\u00e9pni, de le is lehet cs\u00faszni.<\/p>\n<\/blockquote>\n\n\n\n<p class=\"wp-block-paragraph\">Azaz, a romtemplomnak m\u00e1ris van (vagy kellene legyen) egy stiliz\u00e1lt kapuja, \u00e9s a hozz\u00e1 vezet\u0151 p\u00e1ratlan sz\u00e1m\u00fa l\u00e9pcs\u0151k. Mint Ipoly atya \u00edrja,<\/p>\n\n\n\n<blockquote class=\"wp-block-quote is-layout-flow wp-block-quote-is-layout-flow\">\n<p class=\"wp-block-paragraph\">a l\u00e9pcs\u0151k nem csak a prof\u00e1n \u00e9s szakr\u00e1lis vil\u00e1got v\u00e1lasztj\u00e1k el, hanem a mi vil\u00e1gunkat az Isten\u00e9t\u0151l is. [\u2026] Bel\u00e9pve a templomba a l\u00e9pcs\u0151n \u00e1t, felemelked\u00fcnk Istenhez.<\/p>\n<\/blockquote>\n\n\n\n<h2 class=\"wp-block-heading\">\u00c9s kelleni fog egy szenteltv\u00edztart\u00f3<\/h2>\n\n\n\n<p class=\"wp-block-paragraph\">Ipoly atya k\u00fcl\u00f6n kit\u00e9r az el\u0151csarnokra, ennek hely\u00e9t azonban a templomromunk alaprajza befoly\u00e1solja majd. \u00c9rdekes kit\u00e9telk\u00e9nt Ipoly atya megjegyzi, hogy az udvar a jeruzs\u00e1lemi hagyom\u00e1nyok szerint a megtisztul\u00e1s helysz\u00edne, ahol k\u00fat \u00e1llt, \u201e<em>ezekb\u0151l lettek k\u00e9s\u0151bb a szenteltv\u00edztart\u00f3k<\/em>\u201d. Szimbolikus t\u00e1rgyk\u00e9nt \u00e9n megtartan\u00e9k egy szenteltv\u00edztart\u00f3t teh\u00e1t, amelyet a v\u00e9lt el\u0151csarnokba lehetne elhelyezni. Ipoly atya \u00edr\u00e1sa szerint tov\u00e1bb\u00e1 ebben a t\u00e9rben kapott helyet a gy\u00f3ntat\u00f3sz\u00e9k, amely vagy kimarad az templomrom rekonstrukci\u00f3s folyamat\u00e1b\u00f3l, vagy egy nagyon \u00fcgyes \u00e9p\u00edt\u00e9sz tervez egy, a templomrom l\u00e9nyeg\u00e9t nem megbont\u00f3 alkalmatoss\u00e1got.<\/p>\n\n\n\n<h2 class=\"wp-block-heading\">A haj\u00f3, ahol egy\u00fctt haj\u00f3zunk a mindenkori evil\u00e1g hull\u00e1main<\/h2>\n\n\n\n<p class=\"wp-block-paragraph\">Ipoly atya elemz\u00e9s\u00e9ben k\u00f6vetkezik a templomhaj\u00f3, ennek szerencs\u00e9re van nyoma a templomromunkban, \u00e9s nem is kell k\u00fcl\u00f6n\u00f6sebben kezdeni valamit vele, szimbolik\u00e1ja ugyanakkor fontos, \u201e<em>az \u00d3sz\u00f6vets\u00e9gben No\u00e9 b\u00e1rk\u00e1ja, az \u00dajsz\u00f6vets\u00e9gben P\u00e9ter haj\u00f3ja<\/em>\u201d.<\/p>\n\n\n\n<blockquote class=\"wp-block-quote is-layout-flow wp-block-quote-is-layout-flow\">\n<p class=\"wp-block-paragraph\">Ez a k\u00f6z\u00f6ss\u00e9gtudat, az \u00f6sszetartoz\u00e1s \u00e9s a felel\u0151ss\u00e9g\u00e9rzet jelk\u00e9pe: a m\u00fal\u00f3 id\u0151 hull\u00e1main az \u00f6r\u00f6k \u00e9let fel\u00e9 haladunk .J\u00e9zus haj\u00f3j\u00e1ban l\u00e9v\u0151k a biztos c\u00e9l fel\u00e9 haladnak h\u00e1rom \u00faton: a megtisztul\u00e1s \u00fatj\u00e1n (via purgativa), a megvil\u00e1gosod\u00e1s \u00fatj\u00e1n (via illuminativa) \u00e9s az egyes\u00fcl\u00e9s \u00fatj\u00e1n (via unitiva)<\/p>\n<\/blockquote>\n\n\n\n<p class=\"wp-block-paragraph\">&#8211; \u00edrja Ipoly atya. <\/p>\n\n\n\n<h2 class=\"wp-block-heading\">B\u00e1rcsak keresztkutat tal\u00e1ln\u00e1nk&#8230;<\/h2>\n\n\n\n<p class=\"wp-block-paragraph\">Templomoknak szint\u00e9n fontos eleme, Ipoly atya is kit\u00e9r r\u00e1, a keresztk\u00fat. \u00c9n ezt az\u00e9rt nem er\u0151ltetn\u00e9m fontos elemk\u00e9nt, mert m\u00e9giscsak egy temet\u0151 k\u00f6zep\u00e9n van a templomromunk. Az persze m\u00e1s k\u00e9rd\u00e9s volna, ha a keresztk\u00fat hely\u00e9t, vagy, ha volt, egyes darabjait megtal\u00e1ln\u00e1nk egy \u00e1sat\u00e1s sor\u00e1n. A l\u00e9nyeg, hogy hagyom\u00e1nyosan \u00f6n\u00e1ll\u00f3 k\u00e1poln\u00e1ban \u00e1llt (az alaprajz szerint voltak \u00f6n\u00e1ll\u00f3 k\u00e1poln\u00e1k az \u00f3templomban is).<\/p>\n\n\n\n<h2 class=\"wp-block-heading\">Sz\u00f3sz\u00e9k \u00e9s mell\u00e9kolt\u00e1rok<\/h2>\n\n\n\n<p class=\"wp-block-paragraph\">K\u00f6vetkezik az egys\u00e9gnyi templom szint\u00e9n elmaradhatatlan kell\u00e9ke, az amb\u00f3, amely eredetileg a haj\u00f3 k\u00f6zep\u00e9n \u00e1llt, \u00e9s amelyb\u0151l k\u00e9s\u0151bb a sz\u00f3sz\u00e9k lett. Nem tudni egyel\u0151re, maradt e nyoma a sz\u00f3sz\u00e9k hely\u00e9nek az \u00f3templomunkban, de tal\u00e1n egyet a haj\u00f3 \u00e9s a szent\u00e9ly hat\u00e1r\u00e1n ki lehet jel\u00f6lni, \u201e<em>mert a szent\u00e9lybe csak Isten megismer\u00e9se ut\u00e1n l\u00e9p\u00fcnk be<\/em>\u201d.<\/p>\n\n\n\n<p class=\"wp-block-paragraph\">A mell\u00e9kolt\u00e1rok, amelyek a k\u00f6z\u00e9pkorban eg\u00e9sz\u00edtett\u00e9k ki az olt\u00e1rok sz\u00e1m\u00e1t, szint\u00e9n k\u00e9rd\u00e9sesek, b\u00e1r Ipoly atya az \u00fajkori templomok miatt k\u00fcl\u00f6n sz\u00f3l r\u00f3luk. Az alaprajz alapj\u00e1n ak\u00e1r felt\u00e9telezhet\u0151 is, hol voltak egykor az \u00f3templomban, de nem felt\u00e9tlen kell er\u0151ltetni a rekonstrukci\u00f3jukat. Ink\u00e1bb \u00e9rdekes k\u00e9rd\u00e9s a szent\u00e9ly, \u00e9s a szent\u00e9lyt elv\u00e1laszt\u00f3 diadal\u00edv, amely szellemi, szakr\u00e1lis v\u00e1laszt\u00f3vonalat k\u00e9pvisel. A diadal\u00edv ugyanis az egyetlen, amelyr\u0151l b\u00e1r Ipoly atya nem \u00edr, de amelyr\u0151l kifejezetten az \u00f3templom kapcs\u00e1n tudjuk, hogy utols\u00f3 pillanatig m\u00e9g \u00e1llt, \u00e9s amelyen az okos-, \u00e9s balgasz\u00fczek fresk\u00f3ja volt felfestve. Igen, \u00e9n is ez\u00e9rt vagyok ennyire r\u00e1fesz\u00fclve erre a t\u00e9m\u00e1ra. S\u0151t, azt is mondom, ha egyetlen \u00e9p\u00edt\u00e9szeti beavatkoz\u00e1s (mondjuk egy stiliz\u00e1lt kapun t\u00fal) megval\u00f3sulhatna, \u00e9n ezt a diadal\u00edvet rekonstru\u00e1ln\u00e1m, tisztelet\u00e9re nemcsak a sz\u00fczeknek \u00e9s azon templomoknak, ahol m\u00e9g ez a fest\u00e9s m\u00e1ig szerepel, hanem szakr\u00e1lis \u00e9rtelemben is. Ipoly atya \u00edgy \u00edr err\u0151l:<\/p>\n\n\n\n<blockquote class=\"wp-block-quote is-layout-flow wp-block-quote-is-layout-flow\">\n<p class=\"wp-block-paragraph\">Ez az elhat\u00e1rol\u00e1s j\u00f3l kifejezi: Krisztus f\u00f6ldi egyh\u00e1za \u00faton van a mennyei fel\u00e9 \u2013 az \u00e9let\u00fcnk m\u00e9g ennek a hat\u00e1r\u00e1n \u00e1ll. Hat\u00e1rvonalak h\u00faz\u00f3dnak a szent \u00e9s a prof\u00e1n k\u00f6z\u00f6tt. J\u00e9zus lerombolta a v\u00e1laszfalat a pog\u00e1nyok \u00e9s zsid\u00f3k k\u00f6z\u00f6tt. Nagyp\u00e9nteken a templom f\u00fcgg\u00f6nye kett\u00e9hasadt \u2013 n\u00e1lunk ez\u00e9rt nyitott a szent\u00e9ly. [\u2026] Az apszis a szentek szent\u00e9lye \u2013 sanctuarium. J\u00e9zus a h\u00fasv\u00e9ti miszt\u00e9rium\u00e1ban nem lerombolta a templomot, hanem saj\u00e1t test\u00e9ben \u00fajj\u00e1\u00e9p\u00edtette.<\/p>\n<\/blockquote>\n\n\n\n<h2 class=\"wp-block-heading\">Az olt\u00e1r maga Krisztus<\/h2>\n\n\n\n<p class=\"wp-block-paragraph\">Elengedhetetlen a szent\u00e9lyben helyet foglal\u00f3 olt\u00e1r is, \u201e<em>magaslati hely, ahol az \u00e1ldozatot bemutatt\u00e1k \u2013 latinul alta ara, magas olt\u00e1r. K\u0151b\u0151l vagy f\u00e1b\u00f3l k\u00e9sz\u00fclt: als\u00f3 r\u00e9sz\u00e9t stipes-nek, fels\u0151t mensa-nak h\u00edvj\u00e1k. Kopors\u00f3 form\u00e1j\u00fa, mivel az els\u0151 kereszt\u00e9nyek a szent v\u00e9rtan\u00fak s\u00edrj\u00e1n\u00e1l mutatt\u00e1k be az \u00e1ldozatot \u2013 ma is vannak benne v\u00e9rtan\u00fak erekly\u00e9i<\/em>&#8222;. -\u00edrja Ipoly atya. Az olt\u00e1r helye k\u00fcl\u00f6nben az \u00f3tempomban is k\u00f6nnyen beazonos\u00edthat\u00f3, <em>\u201enek\u00fcnk az olt\u00e1r maga Krisztus \u00e9s az \u0151 kereszt\u00e1ldozata. Ez az eg\u00e9sz templom k\u00f6z\u00e9ppontja<\/em>\u201d.<\/p>\n\n\n\n<h2 class=\"wp-block-heading\">Legyen galamb is<\/h2>\n\n\n\n<p class=\"wp-block-paragraph\">Az olt\u00e1rnak vannak fontos kell\u00e9kei, amiket csak az\u00e9rt id\u00e9zek ide, mert Ipoly atya fontosnak tartotta, de az \u00f3templom rekonstrukci\u00f3j\u00e1nak f\u00e9ny\u00e9ben funkcion\u00e1lisan mell\u00e9kesek, esetlegesek. Ilyen az olt\u00e1rter\u00edt\u0151, amely \u201e<em>az \u00dar s\u00edrj\u00e1ban tal\u00e1lt leplekre eml\u00e9keztet\u201d<\/em>, a gyerty\u00e1k \u00e9s az \u00f6r\u00f6km\u00e9cses. Egyed\u00fcl az olt\u00e1rkereszt az, amely v\u00e9lem\u00e9nyem szerint valamilyen form\u00e1ban megjelenthet\u0151 volna, pl\u00e1ne, mert Ipoly atya \u00edr\u00e1sa szerint is \u201e<em>szigor\u00faan el\u0151\u00edrt szimb\u00f3lum a templomban. A kereszt teol\u00f3gia, politika \u00e9s hit egyszerre<\/em>\u201d. Szint\u00e9n fontos \u201ekell\u00e9k\u201d a tabern\u00e1kulum, amelyr\u0151l Ipoly atya azt \u00edrja,<\/p>\n\n\n\n<blockquote class=\"wp-block-quote is-layout-flow wp-block-quote-is-layout-flow\">\n<p class=\"wp-block-paragraph\">az apostoli korban a megmaradt kenyeret eltett\u00e9k a betegek, a hit\u00fck\u00e9rt beb\u00f6rt\u00f6nz\u00f6ttek \u00e9s a haldokl\u00f3k sz\u00e1m\u00e1ra. R\u00e9gen az olt\u00e1r f\u00f6l\u00e9 egy galambot f\u00fcggesztettek, ebben \u0151rizt\u00e9k az Olt\u00e1riszents\u00e9get \u2013 a Szentl\u00e9lek szimb\u00f3lumak\u00e9nt, aki a teremt\u00e9s kezdet\u00e9n lebegett a vizek f\u00f6l\u00f6tt, \u00e9s akinek ereje \u00e1ltal az \u00e1tv\u00e1ltoztat\u00e1s is t\u00f6rt\u00e9nik. Ezt v\u00e1ltotta fel id\u0151vel a tabern\u00e1kulum.<\/p>\n<\/blockquote>\n\n\n\n<p class=\"wp-block-paragraph\">Ha egy esetleges rekonstrukci\u00f3 m\u00e1st nem is engedne, de az olt\u00e1r f\u00f6l\u00e9 f\u00fcggesztett tabern\u00e1kulum-galamb p\u00e9ld\u00e1ul sz\u00e9p utal\u00e1s volna. V\u00e9g\u00fcl a szakr\u00e1rium, amelyr\u0151l Ipoly atya azt \u00edrja,<\/p>\n\n\n\n<blockquote class=\"wp-block-quote is-layout-flow wp-block-quote-is-layout-flow\">\n<p class=\"wp-block-paragraph\">Mi t\u00f6rt\u00e9nik, ha valami megromlik vagy megszents\u00e9gtelen\u00edtik? Az apszis m\u00e9ly\u00e9n van egy f\u00f6ldbe \u00e1sott m\u00e9lyed\u00e9s, ahol m\u00e9lt\u00f3 m\u00f3don megsemmis\u00edtett\u00e9k a dolgokat \u2013 el\u00e9gett\u00e9k, mert t\u0171z \u00e1ltal semmis\u00fcl meg majd a vil\u00e1g is.<\/p>\n<\/blockquote>\n\n\n\n<h2 class=\"wp-block-heading\">Amit\u0151l templom lesz az \u00f3templom: \u00e1thaladni, r\u00e9szes\u00fclni&#8230;<\/h2>\n\n\n\n<p class=\"wp-block-paragraph\">V\u00e9gezet\u00fcl Ipoly atya \u00fagy foglalja \u00f6ssze \u00edr\u00e1s\u00e1t:<\/p>\n\n\n\n<blockquote class=\"wp-block-quote is-layout-flow wp-block-quote-is-layout-flow\">\n<p class=\"wp-block-paragraph\">bel\u00e9pni a templomba, \u00e1thaladni a keresztk\u00faton, a haj\u00f3ban k\u00fczdve eljutni a szent\u00e9lyig \u00e9s az olt\u00e1rig \u2013 ez a beavat\u00e1s Krisztus \u00e9let\u00e9be, a teljess\u00e9gben val\u00f3 r\u00e9szesed\u00e9s. A templom nem csup\u00e1n \u00e9p\u00fclet: Isten \u00e9s ember tal\u00e1lkoz\u00e1s\u00e1nak szent tere, ahol az ideiglenes az \u00f6r\u00f6kk\u00e9val\u00f3t \u00e9rinti.<\/p>\n<\/blockquote>\n\n\n\n<p class=\"wp-block-paragraph\">\u00c9n azt gondolom, ez a p\u00e1r \u00f6sszegz\u0151 gondolat az, amelyet \u00e9rdemes volna figyelembe venni abban az esetben, ha az \u00f3templommal tov\u00e1bbi sz\u00e1nd\u00e9kaink is lenn\u00e9nek, mint egy \u00e1sat\u00e1s. Ez nem rajtam m\u00falik, hanem a k\u00f6z\u00f6ss\u00e9gen. A fentebbi sorokat csak gondolat\u00e9breszt\u0151nek sz\u00e1nom, Ipoly atya nyom\u00e1n, akinek ez\u00faton is k\u00f6sz\u00f6n\u00f6m ezt az ir\u00e1nymutat\u00e1st. Rem\u00e9lem csak, hogy gondolatait m\u00e9lt\u00f3 m\u00f3d ford\u00edtjuk val\u00f3s\u00e1gg\u00e1, ha egyszer \u00fagy d\u00f6nt\u00fcnk. Addig csak csukjuk be a szem\u00fcnket, \u00e9s k\u00e9pzelj\u00fck el\u2026<\/p>\n\n\n\n<p class=\"wp-block-paragraph\"><\/p>\n","protected":false},"excerpt":{"rendered":"<p>Sokadj\u00e1ra \u00e1llok neki ennek a posztnak, mert engem is igaz\u00e1n m\u00e9lyen \u00e9rintett, ahogyan mindny\u00e1junkat, hogy Ipoly atya t\u00e1vozott k\u00f6z\u00fcl\u00fcnk. Sok olyan tervem, \u00f6tletem volt, ahol sz\u00e1m\u00edtottam volna jelenl\u00e9t\u00e9re, t\u00e1mogat\u00e1s\u00e1ra, \u00f6tleteire. B\u00edztat\u00f3 atyai jelenval\u00f3s\u00e1g\u00e1ra. Az egyik ilyen \u00e1lmom, hogy egyszer a templomrommal is kezdj\u00fcnk valamit. Nemcsak egy m\u00faltfelt\u00e1r\u00f3 \u00e1sat\u00e1sra gondolok, hanem arra, hogy a f\u00f6ld alatt&#8230;<\/p>\n","protected":false},"author":1,"featured_media":223,"comment_status":"open","ping_status":"open","sticky":false,"template":"","format":"standard","meta":{"_monsterinsights_skip_tracking":false,"_uf_show_specific_survey":0,"_uf_disable_surveys":false,"footnotes":""},"categories":[8],"tags":[],"class_list":["post-1058","post","type-post","status-publish","format-standard","has-post-thumbnail","hentry","category-a-kronikas-blogja"],"yoast_head":"<!-- This site is optimized with the Yoast SEO plugin v26.2 - https:\/\/yoast.com\/wordpress\/plugins\/seo\/ -->\n<title>Ipoly atya \u00f6r\u00f6ks\u00e9ge - A n\u00e9zsai \u00f3templom Hist\u00f3ri\u00e1ja<\/title>\n<meta name=\"robots\" content=\"index, follow, max-snippet:-1, max-image-preview:large, max-video-preview:-1\" \/>\n<link rel=\"canonical\" href=\"https:\/\/nezsaiotemplom.hu\/index.php\/2026\/09\/05\/ipoly-atya-oroksege\/\" \/>\n<meta property=\"og:locale\" content=\"hu_HU\" \/>\n<meta property=\"og:type\" content=\"article\" \/>\n<meta property=\"og:title\" content=\"Ipoly atya \u00f6r\u00f6ks\u00e9ge - A n\u00e9zsai \u00f3templom Hist\u00f3ri\u00e1ja\" \/>\n<meta property=\"og:description\" content=\"Sokadj\u00e1ra \u00e1llok neki ennek a posztnak, mert engem is igaz\u00e1n m\u00e9lyen \u00e9rintett, ahogyan mindny\u00e1junkat, hogy Ipoly atya t\u00e1vozott k\u00f6z\u00fcl\u00fcnk. Sok olyan tervem, \u00f6tletem volt, ahol sz\u00e1m\u00edtottam volna jelenl\u00e9t\u00e9re, t\u00e1mogat\u00e1s\u00e1ra, \u00f6tleteire. B\u00edztat\u00f3 atyai jelenval\u00f3s\u00e1g\u00e1ra. Az egyik ilyen \u00e1lmom, hogy egyszer a templomrommal is kezdj\u00fcnk valamit. Nemcsak egy m\u00faltfelt\u00e1r\u00f3 \u00e1sat\u00e1sra gondolok, hanem arra, hogy a f\u00f6ld alatt...\" \/>\n<meta property=\"og:url\" content=\"https:\/\/nezsaiotemplom.hu\/index.php\/2026\/09\/05\/ipoly-atya-oroksege\/\" \/>\n<meta property=\"og:site_name\" content=\"A n\u00e9zsai \u00f3templom Hist\u00f3ri\u00e1ja\" \/>\n<meta property=\"article:published_time\" content=\"2026-09-05T19:45:33+00:00\" \/>\n<meta property=\"article:modified_time\" content=\"2026-09-06T02:03:12+00:00\" \/>\n<meta property=\"og:image\" content=\"https:\/\/nezsaiotemplom.hu\/wp-content\/uploads\/2023\/09\/alaprajzos_kivilagitos13.jpg\" \/>\n\t<meta property=\"og:image:width\" content=\"700\" \/>\n\t<meta property=\"og:image:height\" content=\"393\" \/>\n\t<meta property=\"og:image:type\" content=\"image\/jpeg\" \/>\n<meta name=\"author\" content=\"admin\" \/>\n<meta name=\"twitter:card\" content=\"summary_large_image\" \/>\n<meta name=\"twitter:label1\" content=\"Szerz\u0151:\" \/>\n\t<meta name=\"twitter:data1\" content=\"admin\" \/>\n\t<meta name=\"twitter:label2\" content=\"Becs\u00fclt olvas\u00e1si id\u0151\" \/>\n\t<meta name=\"twitter:data2\" content=\"7 perc\" \/>\n<script type=\"application\/ld+json\" class=\"yoast-schema-graph\">{\"@context\":\"https:\/\/schema.org\",\"@graph\":[{\"@type\":\"WebPage\",\"@id\":\"https:\/\/nezsaiotemplom.hu\/index.php\/2026\/09\/05\/ipoly-atya-oroksege\/\",\"url\":\"https:\/\/nezsaiotemplom.hu\/index.php\/2026\/09\/05\/ipoly-atya-oroksege\/\",\"name\":\"Ipoly atya \u00f6r\u00f6ks\u00e9ge - A n\u00e9zsai \u00f3templom Hist\u00f3ri\u00e1ja\",\"isPartOf\":{\"@id\":\"https:\/\/nezsaiotemplom.hu\/#website\"},\"primaryImageOfPage\":{\"@id\":\"https:\/\/nezsaiotemplom.hu\/index.php\/2026\/09\/05\/ipoly-atya-oroksege\/#primaryimage\"},\"image\":{\"@id\":\"https:\/\/nezsaiotemplom.hu\/index.php\/2026\/09\/05\/ipoly-atya-oroksege\/#primaryimage\"},\"thumbnailUrl\":\"https:\/\/nezsaiotemplom.hu\/wp-content\/uploads\/2023\/09\/alaprajzos_kivilagitos13.jpg\",\"datePublished\":\"2026-09-05T19:45:33+00:00\",\"dateModified\":\"2026-09-06T02:03:12+00:00\",\"author\":{\"@id\":\"https:\/\/nezsaiotemplom.hu\/#\/schema\/person\/289262fb29b2509207becfa85561e4dc\"},\"breadcrumb\":{\"@id\":\"https:\/\/nezsaiotemplom.hu\/index.php\/2026\/09\/05\/ipoly-atya-oroksege\/#breadcrumb\"},\"inLanguage\":\"hu\",\"potentialAction\":[{\"@type\":\"ReadAction\",\"target\":[\"https:\/\/nezsaiotemplom.hu\/index.php\/2026\/09\/05\/ipoly-atya-oroksege\/\"]}]},{\"@type\":\"ImageObject\",\"inLanguage\":\"hu\",\"@id\":\"https:\/\/nezsaiotemplom.hu\/index.php\/2026\/09\/05\/ipoly-atya-oroksege\/#primaryimage\",\"url\":\"https:\/\/nezsaiotemplom.hu\/wp-content\/uploads\/2023\/09\/alaprajzos_kivilagitos13.jpg\",\"contentUrl\":\"https:\/\/nezsaiotemplom.hu\/wp-content\/uploads\/2023\/09\/alaprajzos_kivilagitos13.jpg\",\"width\":700,\"height\":393},{\"@type\":\"BreadcrumbList\",\"@id\":\"https:\/\/nezsaiotemplom.hu\/index.php\/2026\/09\/05\/ipoly-atya-oroksege\/#breadcrumb\",\"itemListElement\":[{\"@type\":\"ListItem\",\"position\":1,\"name\":\"Kezd\u0151lap\",\"item\":\"https:\/\/nezsaiotemplom.hu\/\"},{\"@type\":\"ListItem\",\"position\":2,\"name\":\"Ipoly atya \u00f6r\u00f6ks\u00e9ge\"}]},{\"@type\":\"WebSite\",\"@id\":\"https:\/\/nezsaiotemplom.hu\/#website\",\"url\":\"https:\/\/nezsaiotemplom.hu\/\",\"name\":\"A n\u00e9zsai \u00f3templom Hist\u00f3ri\u00e1ja\",\"description\":\"\",\"potentialAction\":[{\"@type\":\"SearchAction\",\"target\":{\"@type\":\"EntryPoint\",\"urlTemplate\":\"https:\/\/nezsaiotemplom.hu\/?s={search_term_string}\"},\"query-input\":{\"@type\":\"PropertyValueSpecification\",\"valueRequired\":true,\"valueName\":\"search_term_string\"}}],\"inLanguage\":\"hu\"},{\"@type\":\"Person\",\"@id\":\"https:\/\/nezsaiotemplom.hu\/#\/schema\/person\/289262fb29b2509207becfa85561e4dc\",\"name\":\"admin\",\"image\":{\"@type\":\"ImageObject\",\"inLanguage\":\"hu\",\"@id\":\"https:\/\/nezsaiotemplom.hu\/#\/schema\/person\/image\/\",\"url\":\"https:\/\/secure.gravatar.com\/avatar\/5fa87eb97814b646bd652fe61a7a67dcab30b7b77d1c925f91281bd855d06f0e?s=96&d=mm&r=g\",\"contentUrl\":\"https:\/\/secure.gravatar.com\/avatar\/5fa87eb97814b646bd652fe61a7a67dcab30b7b77d1c925f91281bd855d06f0e?s=96&d=mm&r=g\",\"caption\":\"admin\"},\"sameAs\":[\"https:\/\/nezsaiotemplom.hu\"],\"url\":\"https:\/\/nezsaiotemplom.hu\/index.php\/author\/esem\/\"}]}<\/script>\n<!-- \/ Yoast SEO plugin. -->","yoast_head_json":{"title":"Ipoly atya \u00f6r\u00f6ks\u00e9ge - A n\u00e9zsai \u00f3templom Hist\u00f3ri\u00e1ja","robots":{"index":"index","follow":"follow","max-snippet":"max-snippet:-1","max-image-preview":"max-image-preview:large","max-video-preview":"max-video-preview:-1"},"canonical":"https:\/\/nezsaiotemplom.hu\/index.php\/2026\/09\/05\/ipoly-atya-oroksege\/","og_locale":"hu_HU","og_type":"article","og_title":"Ipoly atya \u00f6r\u00f6ks\u00e9ge - A n\u00e9zsai \u00f3templom Hist\u00f3ri\u00e1ja","og_description":"Sokadj\u00e1ra \u00e1llok neki ennek a posztnak, mert engem is igaz\u00e1n m\u00e9lyen \u00e9rintett, ahogyan mindny\u00e1junkat, hogy Ipoly atya t\u00e1vozott k\u00f6z\u00fcl\u00fcnk. Sok olyan tervem, \u00f6tletem volt, ahol sz\u00e1m\u00edtottam volna jelenl\u00e9t\u00e9re, t\u00e1mogat\u00e1s\u00e1ra, \u00f6tleteire. B\u00edztat\u00f3 atyai jelenval\u00f3s\u00e1g\u00e1ra. Az egyik ilyen \u00e1lmom, hogy egyszer a templomrommal is kezdj\u00fcnk valamit. Nemcsak egy m\u00faltfelt\u00e1r\u00f3 \u00e1sat\u00e1sra gondolok, hanem arra, hogy a f\u00f6ld alatt...","og_url":"https:\/\/nezsaiotemplom.hu\/index.php\/2026\/09\/05\/ipoly-atya-oroksege\/","og_site_name":"A n\u00e9zsai \u00f3templom Hist\u00f3ri\u00e1ja","article_published_time":"2026-09-05T19:45:33+00:00","article_modified_time":"2026-09-06T02:03:12+00:00","og_image":[{"width":700,"height":393,"url":"https:\/\/nezsaiotemplom.hu\/wp-content\/uploads\/2023\/09\/alaprajzos_kivilagitos13.jpg","type":"image\/jpeg"}],"author":"admin","twitter_card":"summary_large_image","twitter_misc":{"Szerz\u0151:":"admin","Becs\u00fclt olvas\u00e1si id\u0151":"7 perc"},"schema":{"@context":"https:\/\/schema.org","@graph":[{"@type":"WebPage","@id":"https:\/\/nezsaiotemplom.hu\/index.php\/2026\/09\/05\/ipoly-atya-oroksege\/","url":"https:\/\/nezsaiotemplom.hu\/index.php\/2026\/09\/05\/ipoly-atya-oroksege\/","name":"Ipoly atya \u00f6r\u00f6ks\u00e9ge - A n\u00e9zsai \u00f3templom Hist\u00f3ri\u00e1ja","isPartOf":{"@id":"https:\/\/nezsaiotemplom.hu\/#website"},"primaryImageOfPage":{"@id":"https:\/\/nezsaiotemplom.hu\/index.php\/2026\/09\/05\/ipoly-atya-oroksege\/#primaryimage"},"image":{"@id":"https:\/\/nezsaiotemplom.hu\/index.php\/2026\/09\/05\/ipoly-atya-oroksege\/#primaryimage"},"thumbnailUrl":"https:\/\/nezsaiotemplom.hu\/wp-content\/uploads\/2023\/09\/alaprajzos_kivilagitos13.jpg","datePublished":"2026-09-05T19:45:33+00:00","dateModified":"2026-09-06T02:03:12+00:00","author":{"@id":"https:\/\/nezsaiotemplom.hu\/#\/schema\/person\/289262fb29b2509207becfa85561e4dc"},"breadcrumb":{"@id":"https:\/\/nezsaiotemplom.hu\/index.php\/2026\/09\/05\/ipoly-atya-oroksege\/#breadcrumb"},"inLanguage":"hu","potentialAction":[{"@type":"ReadAction","target":["https:\/\/nezsaiotemplom.hu\/index.php\/2026\/09\/05\/ipoly-atya-oroksege\/"]}]},{"@type":"ImageObject","inLanguage":"hu","@id":"https:\/\/nezsaiotemplom.hu\/index.php\/2026\/09\/05\/ipoly-atya-oroksege\/#primaryimage","url":"https:\/\/nezsaiotemplom.hu\/wp-content\/uploads\/2023\/09\/alaprajzos_kivilagitos13.jpg","contentUrl":"https:\/\/nezsaiotemplom.hu\/wp-content\/uploads\/2023\/09\/alaprajzos_kivilagitos13.jpg","width":700,"height":393},{"@type":"BreadcrumbList","@id":"https:\/\/nezsaiotemplom.hu\/index.php\/2026\/09\/05\/ipoly-atya-oroksege\/#breadcrumb","itemListElement":[{"@type":"ListItem","position":1,"name":"Kezd\u0151lap","item":"https:\/\/nezsaiotemplom.hu\/"},{"@type":"ListItem","position":2,"name":"Ipoly atya \u00f6r\u00f6ks\u00e9ge"}]},{"@type":"WebSite","@id":"https:\/\/nezsaiotemplom.hu\/#website","url":"https:\/\/nezsaiotemplom.hu\/","name":"A n\u00e9zsai \u00f3templom Hist\u00f3ri\u00e1ja","description":"","potentialAction":[{"@type":"SearchAction","target":{"@type":"EntryPoint","urlTemplate":"https:\/\/nezsaiotemplom.hu\/?s={search_term_string}"},"query-input":{"@type":"PropertyValueSpecification","valueRequired":true,"valueName":"search_term_string"}}],"inLanguage":"hu"},{"@type":"Person","@id":"https:\/\/nezsaiotemplom.hu\/#\/schema\/person\/289262fb29b2509207becfa85561e4dc","name":"admin","image":{"@type":"ImageObject","inLanguage":"hu","@id":"https:\/\/nezsaiotemplom.hu\/#\/schema\/person\/image\/","url":"https:\/\/secure.gravatar.com\/avatar\/5fa87eb97814b646bd652fe61a7a67dcab30b7b77d1c925f91281bd855d06f0e?s=96&d=mm&r=g","contentUrl":"https:\/\/secure.gravatar.com\/avatar\/5fa87eb97814b646bd652fe61a7a67dcab30b7b77d1c925f91281bd855d06f0e?s=96&d=mm&r=g","caption":"admin"},"sameAs":["https:\/\/nezsaiotemplom.hu"],"url":"https:\/\/nezsaiotemplom.hu\/index.php\/author\/esem\/"}]}},"_links":{"self":[{"href":"https:\/\/nezsaiotemplom.hu\/index.php\/wp-json\/wp\/v2\/posts\/1058","targetHints":{"allow":["GET"]}}],"collection":[{"href":"https:\/\/nezsaiotemplom.hu\/index.php\/wp-json\/wp\/v2\/posts"}],"about":[{"href":"https:\/\/nezsaiotemplom.hu\/index.php\/wp-json\/wp\/v2\/types\/post"}],"author":[{"embeddable":true,"href":"https:\/\/nezsaiotemplom.hu\/index.php\/wp-json\/wp\/v2\/users\/1"}],"replies":[{"embeddable":true,"href":"https:\/\/nezsaiotemplom.hu\/index.php\/wp-json\/wp\/v2\/comments?post=1058"}],"version-history":[{"count":6,"href":"https:\/\/nezsaiotemplom.hu\/index.php\/wp-json\/wp\/v2\/posts\/1058\/revisions"}],"predecessor-version":[{"id":1065,"href":"https:\/\/nezsaiotemplom.hu\/index.php\/wp-json\/wp\/v2\/posts\/1058\/revisions\/1065"}],"wp:featuredmedia":[{"embeddable":true,"href":"https:\/\/nezsaiotemplom.hu\/index.php\/wp-json\/wp\/v2\/media\/223"}],"wp:attachment":[{"href":"https:\/\/nezsaiotemplom.hu\/index.php\/wp-json\/wp\/v2\/media?parent=1058"}],"wp:term":[{"taxonomy":"category","embeddable":true,"href":"https:\/\/nezsaiotemplom.hu\/index.php\/wp-json\/wp\/v2\/categories?post=1058"},{"taxonomy":"post_tag","embeddable":true,"href":"https:\/\/nezsaiotemplom.hu\/index.php\/wp-json\/wp\/v2\/tags?post=1058"}],"curies":[{"name":"wp","href":"https:\/\/api.w.org\/{rel}","templated":true}]}}