{"id":119,"date":"2023-09-04T19:10:05","date_gmt":"2023-09-04T19:10:05","guid":{"rendered":"https:\/\/nezsaiotemplom.hu\/?p=119"},"modified":"2023-09-04T19:11:11","modified_gmt":"2023-09-04T19:11:11","slug":"amit-mindig-is-tudni-szerettel-volna-a-legendi-keltanyarol-interju-az-asatas-vezeto-regeszevel-toth-krisztiannal","status":"publish","type":"post","link":"https:\/\/nezsaiotemplom.hu\/index.php\/2023\/09\/04\/amit-mindig-is-tudni-szerettel-volna-a-legendi-keltanyarol-interju-az-asatas-vezeto-regeszevel-toth-krisztiannal\/","title":{"rendered":"Amit mindig is tudni szerett\u00e9l volna a leg\u00e9ndi \u201ekeltany\u00e1r\u00f3l\u201d \u2013 interj\u00fa az \u00e1sat\u00e1s vezet\u0151 r\u00e9g\u00e9sz\u00e9vel, T\u00f3th Kriszti\u00e1nnal"},"content":{"rendered":"\n<p>Elj\u00f6tt a p\u00e9ntek, a leg\u00e9ndi \u00e1sat\u00e1s utols\u00f3 napja, \u00edgy el\u00e9rkezettnek l\u00e1ttam az id\u0151t, hogy egy gyors interj\u00fat csin\u00e1ljak T\u00f3th Kriszti\u00e1nnal, a salg\u00f3tarj\u00e1ni Dornyai B\u00e9la M\u00fazeum oszt\u00e1lyvezet\u0151 r\u00e9g\u00e9sz\u00e9vel, hiszen mostanra \u00e1llhatott \u00f6ssze, mit is lehet tudni a kelta telep\u00fcl\u00e9sr\u0151l. Reggel m\u00e9g havazott, \u00edgy f\u00e9lve kerestem meg Kriszti\u00e1nt, hogy d\u00e9lut\u00e1n kint lesznek e a terepen egy\u00e1ltal\u00e1n, de r\u00f6gt\u00f6n j\u00f6tt a v\u00e1lasz, hogy persze, mi\u00e9rt is ne lenn\u00e9nek. <\/p>\n\n\n<div class=\"wp-block-image\">\n<figure class=\"aligncenter size-full\"><img loading=\"lazy\" decoding=\"async\" width=\"700\" height=\"393\" src=\"https:\/\/nezsaiotemplom.hu\/wp-content\/uploads\/2023\/09\/kelta_legend11.jpg\" alt=\"\" class=\"wp-image-121\" srcset=\"https:\/\/nezsaiotemplom.hu\/wp-content\/uploads\/2023\/09\/kelta_legend11.jpg 700w, https:\/\/nezsaiotemplom.hu\/wp-content\/uploads\/2023\/09\/kelta_legend11-300x168.jpg 300w\" sizes=\"auto, (max-width: 700px) 100vw, 700px\" \/><\/figure>\n<\/div>\n\n\n<p>Az els\u0151 k\u00e9rd\u00e9sem persze az volt, hogyan lehet egy\u00e1ltal\u00e1n megtal\u00e1lni egy ilyen kelta telep\u00fcl\u00e9st, akikr\u0151l az\u00e9rt nem olyan k\u00f6ztudott, hogy lakt\u00e1k a k\u00f6rny\u00e9ket, k\u00f6nnyebben azonos\u00edtjuk \u0151ket az angol vid\u00e9kkel, vagy \u00e9ppen a francia gallokkal, amilyen Asterix \u00e9s Obelix. T\u00f3th Kriszti\u00e1n a k\u00e9t meseh\u0151s eml\u00edt\u00e9s\u00e9t r\u00f6gt\u00f6n elengedve elmes\u00e9lte, hogy Szolnoki Tam\u00e1s koll\u00e9g\u00e1j\u00e1val, aki szint\u00e9n a Dornyai B\u00e9la M\u00fazeumban vezet\u0151 r\u00e9g\u00e9sz, m\u00e9g \u00e9vekkel ezel\u0151tt kital\u00e1lt\u00e1k, hogy topogr\u00e1fiai kutat\u00e1st fognak v\u00e9gezni a megy\u00e9ben t\u00f6bb telep\u00fcl\u00e9sen is, egyszer\u0171en az\u00e9rt, hogy rendezz\u00e9k a r\u00e9g\u00e9szeti nyilv\u00e1ntart\u00e1sokat vezet\u0151 hat\u00f3s\u00e1gn\u00e1l, hogy pontosan hol is vannak a telep\u00fcl\u00e9seken a lel\u0151helyek. Leg\u00e9ndre is \u00fagy vet\u0151dtek, hogy kor\u00e1bban r\u00e9g\u00e9szeti lel\u0151helyk\u00e9nt jelentett\u00e9k be a falut, mint ahol egy k\u00f6z\u00e9pkori telep\u00fcl\u00e9s van, a c\u00e9ljuk pedig az volt, hogy pontos\u00edts\u00e1k, hol is lehetett az egykori telep\u00fcl\u00e9s. Tal\u00e1ltak k\u00f6z\u00e9pkori leleteket a templom k\u00f6r\u00fcl, meglett a kor\u00e1bbi falu is, felkerestek egy f\u00f6ldv\u00e1rat is, \u00e9s a helysz\u00edn egyre cs\u00e1b\u00edt\u00f3bb lett \u00edgy bejelentett\u00e9k az illet\u00e9kes hat\u00f3s\u00e1gn\u00e1l, hogy Leg\u00e9nddel komolyabban is \u00e9rdekes foglalkozni. Ennek eredm\u00e9nyek\u00e9nt azt\u00e1n a falu keleti r\u00e9sz\u00e9n k\u00e9t kelta lel\u0151hely, valamint bronzkori leletek is el\u0151ker\u00fcltek, a k\u00f6z\u00e9pkori falu t\u00f6bb r\u00e9sze is meglett a patak m\u00e1sik oldal\u00e1n. Ekkor, tavaly novemberben, fordult a figyelm\u00fck a falut\u00f3l \u00e9szakra l\u00e9v\u0151 ter\u00fcletre, mivel a domborzat is azt sejtette, a k\u00e9t patak \u00f6sszefoly\u00e1s\u00e1n\u00e1l l\u00e9v\u0151 d\u00e9li kitetts\u00e9g\u0171, naps\u00fct\u00f6tte domb ide\u00e1lis hely lehet egy telep\u00fcl\u00e9snek. Mikor ki\u00e9rtek, akkor der\u00fclt ki, hogy frissen lett felsz\u00e1ntva, r\u00e1ad\u00e1sul kor\u00e1bban nem volt a ter\u00fclet m\u0171vel\u00e9s alatt, \u00fagyhogy n\u00e9h\u00e1ny perc alatt a felsz\u00ednen is r\u00e1tal\u00e1ltak a kelta ker\u00e1miat\u00f6red\u00e9kekre, \u00e9s a kisz\u00e1ntott foltokra, amelyek valamilyen objektumokat sejtettek. Gyorsan r\u00e1k\u00e9rdeztem, hogy akkor ha egy sz\u00e1nt\u00f3f\u00f6ld\u00f6n s\u00f6t\u00e9t foltokat l\u00e1tunk, akkor azok is h\u00e1zhelyek lehetnek e, mire T\u00f3th Kriszti\u00e1n elmondta, hogy gyan\u00fasan igen, de ezekben az esetekben a talajm\u0171vel\u00e9s miatt kv\u00e1zi m\u00e1r sz\u00e9tsz\u00e1ntott\u00e1k a lel\u0151helyet, m\u00edg Leg\u00e9nd eset\u00e9ben az volt a k\u00fcl\u00f6nleges, hogy frissen lett megbolygatva a f\u00f6ld, az objektumokat \u00edgy k\u00f6nnyebben meg lehetett hat\u00e1rozni. \u00cdgy a k\u00f6vetkez\u0151 l\u00e9p\u00e9s, hogy besz\u00e1mozt\u00e1k a k\u00fcl\u00f6nb\u00f6z\u0151 foltokat, \u00e9s kiv\u00e1rt\u00e1k a melegebb id\u0151t, hogy egy ment\u0151felt\u00e1r\u00e1st, ha \u00f6nk\u00e9ntesekkel is, de meg lehessen csin\u00e1lni. Az\u00e9rt ment\u0151felt\u00e1r\u00e1st, mert a tulajdonos di\u00f3st tervez \u00fcltetni a ter\u00fcleten, \u00edgy amit a k\u00e9t h\u00e9t t\u00fcrelmi id\u0151 alatt nem t\u00e1rtak fel, az feltehet\u0151leg j\u00f3 ideig nem is lesz, vagy tal\u00e1n soha.<\/p>\n\n\n<div class=\"wp-block-image\">\n<figure class=\"aligncenter size-full\"><img loading=\"lazy\" decoding=\"async\" width=\"700\" height=\"393\" src=\"https:\/\/nezsaiotemplom.hu\/wp-content\/uploads\/2023\/09\/kelta_legend3.jpg\" alt=\"\" class=\"wp-image-129\" srcset=\"https:\/\/nezsaiotemplom.hu\/wp-content\/uploads\/2023\/09\/kelta_legend3.jpg 700w, https:\/\/nezsaiotemplom.hu\/wp-content\/uploads\/2023\/09\/kelta_legend3-300x168.jpg 300w\" sizes=\"auto, (max-width: 700px) 100vw, 700px\" \/><\/figure>\n<\/div>\n\n\n<p>Azt teh\u00e1t m\u00e1r megtudtuk, hogy T\u00f3th Kriszti\u00e1n\u00e9k hogyan akadtak a kelt\u00e1k nyom\u00e1ra, az azonban m\u00e9g mindig nem der\u00fclt ki, a kelt\u00e1k hogyan akadtak Leg\u00e9ndre, \u00fagyhogy m\u00e9gegyszer felhoztam Asterix \u00e9s Obelix p\u00e9ld\u00e1j\u00e1t, hogy ugyan mit kerestek a k\u00f6rny\u00e9ken. De T\u00f3th Kriszti\u00e1n rutinosan h\u00e1r\u00edtotta az ism\u00e9telt trollkod\u00e1st azzal, hogy elmondta, van egy telep\u00fcl\u00e9s Sv\u00e1jcban, La T\u00e9ne, onnan ker\u00fcltek el\u0151 el\u0151sz\u00f6r azok a kelta leletek, amelyek a leg\u00e9ndiekhez is k\u00f6thet\u0151ek. Ez a csoport a vasmegmunk\u00e1l\u00e1s k\u00f6z\u00e9p-eur\u00f3pai mesterek\u00e9nt sz\u00e1mtalan vaseszk\u00f6zt tal\u00e1lt fel, p\u00e9ld\u00e1ul a papucsos ek\u00e9t, \u00edgy gazdas\u00e1gi fejletts\u00e9g\u00fckb\u0151l ad\u00f3d\u00f3an felszaporodott a l\u00e9leksz\u00e1muk, \u00e9s id\u0151r\u0151l-id\u0151re elindult a sz\u00e9tv\u00e1ndorl\u00e1suk. \u00cdgy jutottak el \u00e9szaki ir\u00e1nyban eg\u00e9szen Britanni\u00e1ig, nyugati ir\u00e1nyban Spanyolorsz\u00e1gba, keleti ir\u00e1nyban a Keleti-K\u00e1rp\u00e1tokig. Viszont sosem alkottak egys\u00e9ges birodalmat, nem szervez\u0151dtek kir\u00e1lys\u00e1gg\u00e1, sok kisebb t\u00f6rzsre szakadtak sz\u00e9t. Ellenben a g\u00f6r\u00f6g\u00f6k el\u0151szeretettel b\u00e9relt\u00e9k fel \u0151ket zsoldosk\u00e9nt, Krisztus el\u0151tt a 4-5. sz\u00e1zadban \u00edgy jutottak el a mai T\u00f6r\u00f6korsz\u00e1g ter\u00fclet\u00e9re, ahol egy r\u00e9sz\u00fck le is telepedett, \u0151k a galat\u00e1k, \u00e9s egyes felt\u00e9telez\u00e9sek szerint az innen visszat\u00e9r\u0151 kelt\u00e1k telepedtek le a mai \u00c9szak-Magyarorsz\u00e1g ter\u00fclet\u00e9n.<\/p>\n\n\n\n<p>Itt pr\u00f3b\u00e1ltam arra r\u00e1k\u00e9rdezni, hogy \u00e1ll\u00edt\u00f3lag Szanda k\u00f6rny\u00e9ke kelta k\u00f6zpont lehetett, \u00e9s \u00edgy Leg\u00e9nd ak\u00e1r oda is tartozhatott, de T\u00f3th Kriszti\u00e1n elmondta, hogy a szandai hegyek m\u00e1r a bronzkorban er\u0151d\u00edtett helyek lehettek, \u00e9s b\u00e1r vaskori leletek is el\u0151ker\u00fcltek onnan, arr\u00f3l a helysz\u00ednr\u0151l keveset lehet tudni, \u00e9s csak felt\u00e9telez\u00e9s, hogy valamilyen k\u00f6zpont lehetett. Teh\u00e1t nem a Szanda k\u00f6rny\u00e9ki kelt\u00e1k h\u00e9tv\u00e9gi h\u00e1zai lehettek Leg\u00e9nden, de akkor mit is siker\u00fclt tal\u00e1lni? T\u00f3th Kriszti\u00e1n szerint ink\u00e1bb tanya volt mint telep\u00fcl\u00e9s, ahol egy csal\u00e1d, vagy egy kisebb k\u00f6z\u00f6ss\u00e9g lakott. A helyzet onnant\u00f3l bonyolultabb, hogy az egyik g\u00f6d\u00f6rr\u0151l, amit el\u0151sz\u00f6r h\u00e1znak gondoltak, kider\u00fclt, hogy valamilyen szemetes g\u00f6d\u00f6r, emellett ed\u00e9ny\u00e9get\u0151 kemenc\u00e9k is el\u0151ker\u00fcltek, a szem\u00e9t pedig nagy mennyis\u00e9gben tartalmazott ker\u00e1mi\u00e1t, m\u00e1st nem is igen. Tal\u00e1ltak vas salakot, vasolvad\u00e9kokat is, \u00e9s ez megintcsak \u00e1rnyalja a k\u00e9pet, de ami biztos, hogy fazekass\u00e1g biztos folyt a kelta tany\u00e1n, k\u00f6zismertebb nev\u00e9n, a keltany\u00e1n.<\/p>\n\n\n<div class=\"wp-block-image\">\n<figure class=\"aligncenter size-full\"><img loading=\"lazy\" decoding=\"async\" width=\"700\" height=\"393\" src=\"https:\/\/nezsaiotemplom.hu\/wp-content\/uploads\/2023\/09\/kelta_legend10.jpg\" alt=\"\" class=\"wp-image-122\" srcset=\"https:\/\/nezsaiotemplom.hu\/wp-content\/uploads\/2023\/09\/kelta_legend10.jpg 700w, https:\/\/nezsaiotemplom.hu\/wp-content\/uploads\/2023\/09\/kelta_legend10-300x168.jpg 300w\" sizes=\"auto, (max-width: 700px) 100vw, 700px\" \/><\/figure>\n<\/div>\n\n\n<p>Itt gyorsan v\u00e9gigvett\u00fck Kriszti\u00e1nnal a felt\u00e1rt helyeket, a k\u00e9pekn\u00e9l majd jelzem is, hol mir\u0151l van sz\u00f3. Teh\u00e1t a domb alj\u00e1hoz legk\u00f6zelebb egy h\u00e1z lehetett, amelynek meglettek a tart\u00f3oszlop-helyei, s\u0151t valamif\u00e9le t\u0171zrak\u00f3hely marad\u00e9ka is piroslik a h\u00e1z k\u00f6zep\u00e9n, \u00e9s tal\u00e1n elv\u00e1laszt\u00f3fala. F\u00f6lfel\u00e9, ahol Tyekvicska \u00c1rp\u00e1d (\u00e9s p\u00e1r napig j\u00f3magam is) \u00e1sott h\u0151siesen, lehetett a szemetes g\u00f6d\u00f6r, ahov\u00e1 a hullad\u00e9kot egyszer\u0171en \u00e1tdob\u00e1lt\u00e1k a kemenc\u00e9t\u0151l. Az is lehet, hogy a szemetesg\u00f6d\u00f6rb\u0151l b\u00e1ny\u00e1szt\u00e1k ki eredetileg az agyagot, azt\u00e1n kezdt\u00e9k belehordani a marad\u00e9kot. A harmadik helysz\u00edn felt\u00e9telezhet\u0151en valamilyen sz\u00e1r\u00edt\u00f3g\u00f6d\u00f6r lehetett, a sz\u00e9l\u00e9n van egy nagy oszlop, amihez f\u00e9ltet\u0151t r\u00f6gz\u00edthettek, \u00e9s alatta sz\u00e1radtak az \u00e9get\u00e9sre v\u00e1r\u00f3 ker\u00e1mi\u00e1k, amelyeket a helysz\u00ednen korongoztak meg. Az utols\u00f3 helysz\u00edn, amelyet Kriszti\u00e1n m\u00e1sodmag\u00e1val \u00e1sott \u00e9pp, amikor ki\u00e9rtem, egy m\u00e1sik h\u00e1znak t\u0171nik. \u00c9s persze volt a csod\u00e1latos kett\u0151s cser\u00e9p\u00e9get\u0151 kemence k\u00f6z\u00f6s sz\u00e1jjal, lyukacsos aljjal, ahol a grafitos, a t\u00f6r\u00e9s ment\u00e9n feket\u00e9n csillog\u00f3 speci\u00e1lis fekete ker\u00e1mi\u00e1k is k\u00e9sz\u00fcltek.<\/p>\n\n\n<div class=\"wp-block-image\">\n<figure class=\"aligncenter size-full\"><img loading=\"lazy\" decoding=\"async\" width=\"700\" height=\"393\" src=\"https:\/\/nezsaiotemplom.hu\/wp-content\/uploads\/2023\/09\/kelta_legend12.jpg\" alt=\"\" class=\"wp-image-120\" srcset=\"https:\/\/nezsaiotemplom.hu\/wp-content\/uploads\/2023\/09\/kelta_legend12.jpg 700w, https:\/\/nezsaiotemplom.hu\/wp-content\/uploads\/2023\/09\/kelta_legend12-300x168.jpg 300w\" sizes=\"auto, (max-width: 700px) 100vw, 700px\" \/><\/figure>\n<\/div>\n\n\n<p>Gyorsan r\u00e1t\u00e9rt\u00fcnk m\u00e9g arra, hogy mi lesz a helysz\u00edn sorsa p\u00e9ntek ut\u00e1n, hiszen mint kider\u00fclt, a tulajdonos is bel\u00e1tta id\u0151k\u00f6zben, hogy k\u00e1r lenne mindent visszatemetni, mert az \u00fcd\u00fcl\u0151falu \u00e9rd\u00e9k\u00e9t is n\u00f6veli egy bemutathat\u00f3 kelta telep\u00fcl\u00e9s, vagy ak\u00e1r egy r\u00e9g\u00e9szt\u00e1bor szervez\u00e9se is. Nem utols\u00f3 sorban turista\u00fatvonal is halad erre, sz\u00f3val profin bemutathat\u00f3 l\u00e1tv\u00e1nyoss\u00e1g lehet a helysz\u00ednb\u0151l, b\u00e1r ez a j\u00f6v\u0151 zen\u00e9je. Mindenesetre, ahogy \u00f6sszesz\u00e1moltuk, a nagy mennyis\u00e9g\u0171 cser\u00e9pt\u00f6red\u00e9ken k\u00edv\u00fcl tal\u00e1ltak itt egy kelta balt\u00e1t, egy bronz horgot, egy mint\u00e1s \u00fcveggy\u00f6ngy\u00f6t, egy gy\u0171sz\u0171f\u00e9les\u00e9get, egy csiszol\u00f3k\u00f6vet, s\u0151t m\u00e9g pattintott k\u0151eszk\u00f6z\u00f6ket. T\u00f3th Kriszti\u00e1n szerint ez az\u00e9rt volt lehets\u00e9ges, mert a ter\u00fclet m\u00e1r az \u00fajk\u0151korban is lakott volt, \u00edgy a leletek egyszer\u0171en \u00f6sszekeveredtek. V\u00e9gezet\u00fcl kit\u00e9rt\u00fcnk arra, hogy a k\u00f6z\u00f6ss\u00e9gi r\u00e9g\u00e9szet keret\u00e9ben egy ilyen kalandon b\u00e1rki r\u00e9szt vehet, aki lelkes, kitart\u00f3 \u00e9s \u00e9rdekl\u0151d\u0151. A Dornyai B\u00e9la M\u00fazeumot kell figyelni, \u00e9rdekl\u0151dni, hol van \u00e1sat\u00e1s, bemutatkozni, \u00e9s \u00edgy be lehet ker\u00fclni ebbe a k\u00f6rbe. Itt azt\u00e1n v\u00e9geszakadt az interj\u00fanak, mert rohannom kellett, de mint megtudtam, T\u00f3th Kriszti\u00e1n rendszeres reggeli vend\u00e9g-szak\u00e9rt\u0151je a Megafon R\u00e1di\u00f3nak, \u00edgy ott is figyelemmel lehet k\u00eds\u00e9rni, mi is zajlik \u00e9ppen r\u00e9g\u00e9szet\u00fcgyben N\u00f3gr\u00e1d-v\u00e1rmegy\u00e9nkben.<\/p>\n\n\n<div id=\"grid-gallery-3-40095\" data-gg-id=\"3\" data-title=\"Leg\u00e9ndi kelta fazekas telep\u00fcl\u00e9s felt\u00e1r\u00e1sa - 2023 m\u00e1rcius-\u00e1prilis\" data-grid-type=\"0\" data-offset=\"5.3\" data-area-position=\"center\" data-icons=\"\" data-preloader=\"true\" data-width=\"215\" data-height=\"215\" data-padding=\"0\" data-quicksand=\"disabled\" data-quicksand-duration=\"none\" data-popup-theme=\"theme_6\" data-popup-type=\"pretty-photo\" data-popup-image-text=\"data-description\" data-popup-widthsize=\"auto\" data-popup-heightsize=\"auto\" data-popup-i18n-words=\"{&quot;close&quot;:&quot;close&quot;,&quot;next&quot;:&quot;next&quot;,&quot;previous&quot;:&quot;previous&quot;,&quot;start_slideshow&quot;:&quot;start slideshow&quot;,&quot;stop_slideshow&quot;:&quot;stop slideshow&quot;,&quot;image&quot;:&quot;image&quot;,&quot;of&quot;:&quot;of&quot;,&quot;prev&quot;:&quot;prev&quot;,&quot;cExpand&quot;:&quot;Expand&quot;,&quot;cPrevious&quot;:&quot;Previous&quot;,&quot;cNext&quot;:&quot;Next&quot;,&quot;cExpandStr&quot;:&quot;Expand the image&quot;,&quot;cRotate&quot;:&quot;Rotate&quot;,&quot;cDetails&quot;:&quot;Details&quot;}\" data-popup-slideshow=\"false\" data-popup-slideshow-speed=\"2500\" data-popup-hoverstop=\"true\" data-popup-slideshow-auto=\"false\" data-popup-background=\"\" data-popup-transparency=\"30\" data-popup-disable-history=\"\" data-popup-disable-changed-url=\"\" data-popup-border-type=\"solid\" data-popup-border-color=\"\" data-popup-border-width=\"\" data-popup-border-enable=\"\" data-fullscreen=\"false\" data-hide-tooltip=\"false\" data-caption-font-family=\"Default\" data-caption-text-size=\"140\" data-is-mobile=\"0\" data-caption-mobile=\"false\" data-hide-long-tltp-title=\"0\" data-caption-disabled-on-mobile=\"false\" data-popup-placement-type=\"0\" data-social-sharing=\"{&quot;enabled&quot;:&quot;&quot;,&quot;gallerySharing&quot;:{&quot;enabled&quot;:null,&quot;position&quot;:null},&quot;imageSharing&quot;:{&quot;enabled&quot;:null,&quot;wrapperClass&quot;:&quot; vertical &quot;},&quot;popupSharing&quot;:{&quot;enabled&quot;:null,&quot;wrapperClass&quot;:&quot; vertical &quot;}}\" class=\"grid-gallery grid-gallery-fixed \" style=\" width:100%; height:auto; margin-left:auto; margin-right:auto;position:relative;\"> <div class=\"gallery-loading\"> <div class=\"blocks\"> <div class=\"block\"><\/div> <div class=\"block\"><\/div> <div class=\"block\"><\/div> <div class=\"block\"><\/div> <\/div> <\/div> <div class=\"gallery-sharing-top\" style=\"display:none;\"> <\/div> <div id=\"photos-3\" class=\"grid-gallery-photos\"><FIGURE class=\"grid-gallery-caption\" data-grid-gallery-type=\"quarter-slide-up\" data-index=\"0\" style=\"display:none;border-radius:00;; margin:5.3px; width:2150;\" ><div class=\"crop\" style=\" width:2150; height:2150; overflow:hidden;\"><img decoding=\"async\" src=\"https:\/\/nezsaiotemplom.hu\/wp-content\/uploads\/2023\/09\/kelta_legend-215x215.jpg\" class=\"ggImg\" alt=\"kelta_leg\u00e9nd\" title=\"kelta_leg\u00e9nd\" data-description=\"kelta_leg\u00e9nd\" data-caption=\"kelta_leg\u00e9nd\" data-title=\"kelta_leg\u00e9nd\" style=\" width:215px; height:215px;\" \/><\/div><FIGCAPTION class=\"\" data-alpha=\"5\" style=\"color:#ffffff; background-color:#6f0000; font-size:140; text-align:left; font-family:Default;\" ><div class=\"grid-gallery-figcaption-wrap\" style=\"\"><\/div><\/FIGCAPTION><\/FIGURE><FIGURE class=\"grid-gallery-caption\" data-grid-gallery-type=\"quarter-slide-up\" data-index=\"1\" style=\"display:none;border-radius:00;; margin:5.3px; width:2150;\" ><div class=\"crop\" style=\" width:2150; height:2150; overflow:hidden;\"><img decoding=\"async\" src=\"https:\/\/nezsaiotemplom.hu\/wp-content\/uploads\/2023\/09\/kelta_legend2-215x215.jpg\" class=\"ggImg\" alt=\"kelta_leg\u00e9nd2\" title=\"kelta_leg\u00e9nd2\" data-description=\"kelta_leg\u00e9nd2\" data-caption=\"kelta_leg\u00e9nd2\" data-title=\"kelta_leg\u00e9nd2\" style=\" width:215px; height:215px;\" \/><\/div><FIGCAPTION class=\"\" data-alpha=\"5\" style=\"color:#ffffff; background-color:#6f0000; font-size:140; text-align:left; font-family:Default;\" ><div class=\"grid-gallery-figcaption-wrap\" style=\"\"><\/div><\/FIGCAPTION><\/FIGURE><FIGURE class=\"grid-gallery-caption\" data-grid-gallery-type=\"quarter-slide-up\" data-index=\"2\" style=\"display:none;border-radius:00;; margin:5.3px; width:2150;\" ><div class=\"crop\" style=\" width:2150; height:2150; overflow:hidden;\"><img decoding=\"async\" src=\"https:\/\/nezsaiotemplom.hu\/wp-content\/uploads\/2023\/09\/kelta_legend1-215x215.jpg\" class=\"ggImg\" alt=\"kelta_leg\u00e9nd1\" title=\"kelta_leg\u00e9nd1\" data-description=\"kelta_leg\u00e9nd1\" data-caption=\"kelta_leg\u00e9nd1\" data-title=\"kelta_leg\u00e9nd1\" style=\" width:215px; height:215px;\" \/><\/div><FIGCAPTION class=\"\" data-alpha=\"5\" style=\"color:#ffffff; background-color:#6f0000; font-size:140; text-align:left; font-family:Default;\" ><div class=\"grid-gallery-figcaption-wrap\" style=\"\"><\/div><\/FIGCAPTION><\/FIGURE><FIGURE class=\"grid-gallery-caption\" data-grid-gallery-type=\"quarter-slide-up\" data-index=\"3\" style=\"display:none;border-radius:00;; margin:5.3px; width:2150;\" ><div class=\"crop\" style=\" width:2150; height:2150; overflow:hidden;\"><img decoding=\"async\" src=\"https:\/\/nezsaiotemplom.hu\/wp-content\/uploads\/2023\/09\/kelta_legend4-215x215.jpg\" class=\"ggImg\" alt=\"kelta_leg\u00e9nd4\" title=\"kelta_leg\u00e9nd4\" data-description=\"kelta_leg\u00e9nd4\" data-caption=\"kelta_leg\u00e9nd4\" data-title=\"kelta_leg\u00e9nd4\" style=\" width:215px; height:215px;\" \/><\/div><FIGCAPTION class=\"\" data-alpha=\"5\" style=\"color:#ffffff; background-color:#6f0000; font-size:140; text-align:left; font-family:Default;\" ><div class=\"grid-gallery-figcaption-wrap\" style=\"\"><\/div><\/FIGCAPTION><\/FIGURE><FIGURE class=\"grid-gallery-caption\" data-grid-gallery-type=\"quarter-slide-up\" data-index=\"4\" style=\"display:none;border-radius:00;; margin:5.3px; width:2150;\" ><div class=\"crop\" style=\" width:2150; height:2150; overflow:hidden;\"><img decoding=\"async\" src=\"https:\/\/nezsaiotemplom.hu\/wp-content\/uploads\/2023\/09\/kelta_legend6-215x215.jpg\" class=\"ggImg\" alt=\"kelta_leg\u00e9nd6\" title=\"kelta_leg\u00e9nd6\" data-description=\"kelta_leg\u00e9nd6\" data-caption=\"kelta_leg\u00e9nd6\" data-title=\"kelta_leg\u00e9nd6\" style=\" width:215px; height:215px;\" \/><\/div><FIGCAPTION class=\"\" data-alpha=\"5\" style=\"color:#ffffff; background-color:#6f0000; font-size:140; text-align:left; font-family:Default;\" ><div class=\"grid-gallery-figcaption-wrap\" style=\"\"><\/div><\/FIGCAPTION><\/FIGURE><FIGURE class=\"grid-gallery-caption\" data-grid-gallery-type=\"quarter-slide-up\" data-index=\"5\" style=\"display:none;border-radius:00;; margin:5.3px; width:2150;\" ><div class=\"crop\" style=\" width:2150; height:2150; overflow:hidden;\"><img decoding=\"async\" src=\"https:\/\/nezsaiotemplom.hu\/wp-content\/uploads\/2023\/09\/kelta_legend5-215x215.jpg\" class=\"ggImg\" alt=\"kelta_leg\u00e9nd5\" title=\"kelta_leg\u00e9nd5\" data-description=\"kelta_leg\u00e9nd5\" data-caption=\"kelta_leg\u00e9nd5\" data-title=\"kelta_leg\u00e9nd5\" style=\" width:215px; height:215px;\" \/><\/div><FIGCAPTION class=\"\" data-alpha=\"5\" style=\"color:#ffffff; background-color:#6f0000; font-size:140; text-align:left; font-family:Default;\" ><div class=\"grid-gallery-figcaption-wrap\" style=\"\"><\/div><\/FIGCAPTION><\/FIGURE><FIGURE class=\"grid-gallery-caption\" data-grid-gallery-type=\"quarter-slide-up\" data-index=\"6\" style=\"display:none;border-radius:00;; margin:5.3px; width:2150;\" ><div class=\"crop\" style=\" width:2150; height:2150; overflow:hidden;\"><img decoding=\"async\" src=\"https:\/\/nezsaiotemplom.hu\/wp-content\/uploads\/2023\/09\/kelta_legend9-215x215.jpg\" class=\"ggImg\" alt=\"kelta_leg\u00e9nd9\" title=\"kelta_leg\u00e9nd9\" data-description=\"kelta_leg\u00e9nd9\" data-caption=\"kelta_leg\u00e9nd9\" data-title=\"kelta_leg\u00e9nd9\" style=\" width:215px; height:215px;\" \/><\/div><FIGCAPTION class=\"\" data-alpha=\"5\" style=\"color:#ffffff; background-color:#6f0000; font-size:140; text-align:left; font-family:Default;\" ><div class=\"grid-gallery-figcaption-wrap\" style=\"\"><\/div><\/FIGCAPTION><\/FIGURE><FIGURE class=\"grid-gallery-caption\" data-grid-gallery-type=\"quarter-slide-up\" data-index=\"7\" style=\"display:none;border-radius:00;; margin:5.3px; width:2150;\" ><div class=\"crop\" style=\" width:2150; height:2150; overflow:hidden;\"><img decoding=\"async\" src=\"https:\/\/nezsaiotemplom.hu\/wp-content\/uploads\/2023\/09\/kelta_legend8-215x215.jpg\" class=\"ggImg\" alt=\"kelta_leg\u00e9nd8\" title=\"kelta_leg\u00e9nd8\" data-description=\"kelta_leg\u00e9nd8\" data-caption=\"kelta_leg\u00e9nd8\" data-title=\"kelta_leg\u00e9nd8\" style=\" width:215px; height:215px;\" \/><\/div><FIGCAPTION class=\"\" data-alpha=\"5\" style=\"color:#ffffff; background-color:#6f0000; font-size:140; text-align:left; font-family:Default;\" ><div class=\"grid-gallery-figcaption-wrap\" style=\"\"><\/div><\/FIGCAPTION><\/FIGURE> <div class=\"grid-gallery-clearfix\"><\/div> <\/div> <div class=\"gallery-sharing-bottom\" style=\"display:none;\"> <\/div> <div class=\"gallery-sharing-image\" style=\"display:none;\"> <\/div> <div class=\"gallery-sharing-popup\" style=\"display:none;\"> <\/div> <div class=\"grid-gallery-clearfix\"><\/div> <\/div> <!-- Gallery by Supsystic plugin1.15.31 --><a title=\"WordPress Gallery Plugin\" style=\"display:none;\" href=\"https:\/\/supsystic.com\/plugins\/photo-gallery\/?utm_medium=love_link\" target=\"_blank\">WordPress Gallery Plugin<\/a>\n","protected":false},"excerpt":{"rendered":"<p>Elj\u00f6tt a p\u00e9ntek, a leg\u00e9ndi \u00e1sat\u00e1s utols\u00f3 napja, \u00edgy el\u00e9rkezettnek l\u00e1ttam az id\u0151t, hogy egy gyors interj\u00fat csin\u00e1ljak T\u00f3th Kriszti\u00e1nnal, a salg\u00f3tarj\u00e1ni Dornyai B\u00e9la M\u00fazeum oszt\u00e1lyvezet\u0151 r\u00e9g\u00e9sz\u00e9vel, hiszen mostanra \u00e1llhatott \u00f6ssze, mit is lehet tudni a kelta telep\u00fcl\u00e9sr\u0151l. Reggel m\u00e9g havazott, \u00edgy f\u00e9lve kerestem meg Kriszti\u00e1nt, hogy d\u00e9lut\u00e1n kint lesznek e a terepen egy\u00e1ltal\u00e1n, de&#8230;<\/p>\n","protected":false},"author":1,"featured_media":125,"comment_status":"open","ping_status":"open","sticky":false,"template":"","format":"standard","meta":{"_monsterinsights_skip_tracking":false,"_monsterinsights_sitenote_active":false,"_monsterinsights_sitenote_note":"","_monsterinsights_sitenote_category":0,"_uf_show_specific_survey":0,"_uf_disable_surveys":false,"footnotes":""},"categories":[8],"tags":[12,10,11,9],"class_list":["post-119","post","type-post","status-publish","format-standard","has-post-thumbnail","hentry","category-a-kronikas-blogja","tag-keltak","tag-kozossegi-regeszet","tag-legend","tag-toth-krisztian"],"yoast_head":"<!-- This site is optimized with the Yoast SEO plugin v26.2 - https:\/\/yoast.com\/wordpress\/plugins\/seo\/ -->\n<title>Amit mindig is tudni szerett\u00e9l volna a leg\u00e9ndi \u201ekeltany\u00e1r\u00f3l\u201d \u2013 interj\u00fa az \u00e1sat\u00e1s vezet\u0151 r\u00e9g\u00e9sz\u00e9vel, T\u00f3th Kriszti\u00e1nnal - A n\u00e9zsai \u00f3templom Hist\u00f3ri\u00e1ja<\/title>\n<meta name=\"robots\" content=\"index, follow, max-snippet:-1, max-image-preview:large, max-video-preview:-1\" \/>\n<link rel=\"canonical\" href=\"https:\/\/nezsaiotemplom.hu\/index.php\/2023\/09\/04\/amit-mindig-is-tudni-szerettel-volna-a-legendi-keltanyarol-interju-az-asatas-vezeto-regeszevel-toth-krisztiannal\/\" \/>\n<meta property=\"og:locale\" content=\"hu_HU\" \/>\n<meta property=\"og:type\" content=\"article\" \/>\n<meta property=\"og:title\" content=\"Amit mindig is tudni szerett\u00e9l volna a leg\u00e9ndi \u201ekeltany\u00e1r\u00f3l\u201d \u2013 interj\u00fa az \u00e1sat\u00e1s vezet\u0151 r\u00e9g\u00e9sz\u00e9vel, T\u00f3th Kriszti\u00e1nnal - A n\u00e9zsai \u00f3templom Hist\u00f3ri\u00e1ja\" \/>\n<meta property=\"og:description\" content=\"Elj\u00f6tt a p\u00e9ntek, a leg\u00e9ndi \u00e1sat\u00e1s utols\u00f3 napja, \u00edgy el\u00e9rkezettnek l\u00e1ttam az id\u0151t, hogy egy gyors interj\u00fat csin\u00e1ljak T\u00f3th Kriszti\u00e1nnal, a salg\u00f3tarj\u00e1ni Dornyai B\u00e9la M\u00fazeum oszt\u00e1lyvezet\u0151 r\u00e9g\u00e9sz\u00e9vel, hiszen mostanra \u00e1llhatott \u00f6ssze, mit is lehet tudni a kelta telep\u00fcl\u00e9sr\u0151l. Reggel m\u00e9g havazott, \u00edgy f\u00e9lve kerestem meg Kriszti\u00e1nt, hogy d\u00e9lut\u00e1n kint lesznek e a terepen egy\u00e1ltal\u00e1n, de...\" \/>\n<meta property=\"og:url\" content=\"https:\/\/nezsaiotemplom.hu\/index.php\/2023\/09\/04\/amit-mindig-is-tudni-szerettel-volna-a-legendi-keltanyarol-interju-az-asatas-vezeto-regeszevel-toth-krisztiannal\/\" \/>\n<meta property=\"og:site_name\" content=\"A n\u00e9zsai \u00f3templom Hist\u00f3ri\u00e1ja\" \/>\n<meta property=\"article:published_time\" content=\"2023-09-04T19:10:05+00:00\" \/>\n<meta property=\"article:modified_time\" content=\"2023-09-04T19:11:11+00:00\" \/>\n<meta property=\"og:image\" content=\"https:\/\/nezsaiotemplom.hu\/wp-content\/uploads\/2023\/09\/kelta_legend7.jpg\" \/>\n\t<meta property=\"og:image:width\" content=\"700\" \/>\n\t<meta property=\"og:image:height\" content=\"393\" \/>\n\t<meta property=\"og:image:type\" content=\"image\/jpeg\" \/>\n<meta name=\"author\" content=\"admin\" \/>\n<meta name=\"twitter:card\" content=\"summary_large_image\" \/>\n<meta name=\"twitter:label1\" content=\"Szerz\u0151:\" \/>\n\t<meta name=\"twitter:data1\" content=\"admin\" \/>\n\t<meta name=\"twitter:label2\" content=\"Becs\u00fclt olvas\u00e1si id\u0151\" \/>\n\t<meta name=\"twitter:data2\" content=\"8 perc\" \/>\n<script type=\"application\/ld+json\" class=\"yoast-schema-graph\">{\"@context\":\"https:\/\/schema.org\",\"@graph\":[{\"@type\":\"WebPage\",\"@id\":\"https:\/\/nezsaiotemplom.hu\/index.php\/2023\/09\/04\/amit-mindig-is-tudni-szerettel-volna-a-legendi-keltanyarol-interju-az-asatas-vezeto-regeszevel-toth-krisztiannal\/\",\"url\":\"https:\/\/nezsaiotemplom.hu\/index.php\/2023\/09\/04\/amit-mindig-is-tudni-szerettel-volna-a-legendi-keltanyarol-interju-az-asatas-vezeto-regeszevel-toth-krisztiannal\/\",\"name\":\"Amit mindig is tudni szerett\u00e9l volna a leg\u00e9ndi \u201ekeltany\u00e1r\u00f3l\u201d \u2013 interj\u00fa az \u00e1sat\u00e1s vezet\u0151 r\u00e9g\u00e9sz\u00e9vel, T\u00f3th Kriszti\u00e1nnal - A n\u00e9zsai \u00f3templom Hist\u00f3ri\u00e1ja\",\"isPartOf\":{\"@id\":\"https:\/\/nezsaiotemplom.hu\/#website\"},\"primaryImageOfPage\":{\"@id\":\"https:\/\/nezsaiotemplom.hu\/index.php\/2023\/09\/04\/amit-mindig-is-tudni-szerettel-volna-a-legendi-keltanyarol-interju-az-asatas-vezeto-regeszevel-toth-krisztiannal\/#primaryimage\"},\"image\":{\"@id\":\"https:\/\/nezsaiotemplom.hu\/index.php\/2023\/09\/04\/amit-mindig-is-tudni-szerettel-volna-a-legendi-keltanyarol-interju-az-asatas-vezeto-regeszevel-toth-krisztiannal\/#primaryimage\"},\"thumbnailUrl\":\"https:\/\/nezsaiotemplom.hu\/wp-content\/uploads\/2023\/09\/kelta_legend7.jpg\",\"datePublished\":\"2023-09-04T19:10:05+00:00\",\"dateModified\":\"2023-09-04T19:11:11+00:00\",\"author\":{\"@id\":\"https:\/\/nezsaiotemplom.hu\/#\/schema\/person\/289262fb29b2509207becfa85561e4dc\"},\"breadcrumb\":{\"@id\":\"https:\/\/nezsaiotemplom.hu\/index.php\/2023\/09\/04\/amit-mindig-is-tudni-szerettel-volna-a-legendi-keltanyarol-interju-az-asatas-vezeto-regeszevel-toth-krisztiannal\/#breadcrumb\"},\"inLanguage\":\"hu\",\"potentialAction\":[{\"@type\":\"ReadAction\",\"target\":[\"https:\/\/nezsaiotemplom.hu\/index.php\/2023\/09\/04\/amit-mindig-is-tudni-szerettel-volna-a-legendi-keltanyarol-interju-az-asatas-vezeto-regeszevel-toth-krisztiannal\/\"]}]},{\"@type\":\"ImageObject\",\"inLanguage\":\"hu\",\"@id\":\"https:\/\/nezsaiotemplom.hu\/index.php\/2023\/09\/04\/amit-mindig-is-tudni-szerettel-volna-a-legendi-keltanyarol-interju-az-asatas-vezeto-regeszevel-toth-krisztiannal\/#primaryimage\",\"url\":\"https:\/\/nezsaiotemplom.hu\/wp-content\/uploads\/2023\/09\/kelta_legend7.jpg\",\"contentUrl\":\"https:\/\/nezsaiotemplom.hu\/wp-content\/uploads\/2023\/09\/kelta_legend7.jpg\",\"width\":700,\"height\":393},{\"@type\":\"BreadcrumbList\",\"@id\":\"https:\/\/nezsaiotemplom.hu\/index.php\/2023\/09\/04\/amit-mindig-is-tudni-szerettel-volna-a-legendi-keltanyarol-interju-az-asatas-vezeto-regeszevel-toth-krisztiannal\/#breadcrumb\",\"itemListElement\":[{\"@type\":\"ListItem\",\"position\":1,\"name\":\"Kezd\u0151lap\",\"item\":\"https:\/\/nezsaiotemplom.hu\/\"},{\"@type\":\"ListItem\",\"position\":2,\"name\":\"Amit mindig is tudni szerett\u00e9l volna a leg\u00e9ndi \u201ekeltany\u00e1r\u00f3l\u201d \u2013 interj\u00fa az \u00e1sat\u00e1s vezet\u0151 r\u00e9g\u00e9sz\u00e9vel, T\u00f3th Kriszti\u00e1nnal\"}]},{\"@type\":\"WebSite\",\"@id\":\"https:\/\/nezsaiotemplom.hu\/#website\",\"url\":\"https:\/\/nezsaiotemplom.hu\/\",\"name\":\"A n\u00e9zsai \u00f3templom Hist\u00f3ri\u00e1ja\",\"description\":\"\",\"potentialAction\":[{\"@type\":\"SearchAction\",\"target\":{\"@type\":\"EntryPoint\",\"urlTemplate\":\"https:\/\/nezsaiotemplom.hu\/?s={search_term_string}\"},\"query-input\":{\"@type\":\"PropertyValueSpecification\",\"valueRequired\":true,\"valueName\":\"search_term_string\"}}],\"inLanguage\":\"hu\"},{\"@type\":\"Person\",\"@id\":\"https:\/\/nezsaiotemplom.hu\/#\/schema\/person\/289262fb29b2509207becfa85561e4dc\",\"name\":\"admin\",\"image\":{\"@type\":\"ImageObject\",\"inLanguage\":\"hu\",\"@id\":\"https:\/\/nezsaiotemplom.hu\/#\/schema\/person\/image\/\",\"url\":\"https:\/\/secure.gravatar.com\/avatar\/5fa87eb97814b646bd652fe61a7a67dcab30b7b77d1c925f91281bd855d06f0e?s=96&d=mm&r=g\",\"contentUrl\":\"https:\/\/secure.gravatar.com\/avatar\/5fa87eb97814b646bd652fe61a7a67dcab30b7b77d1c925f91281bd855d06f0e?s=96&d=mm&r=g\",\"caption\":\"admin\"},\"sameAs\":[\"https:\/\/nezsaiotemplom.hu\"],\"url\":\"https:\/\/nezsaiotemplom.hu\/index.php\/author\/esem\/\"}]}<\/script>\n<!-- \/ Yoast SEO plugin. -->","yoast_head_json":{"title":"Amit mindig is tudni szerett\u00e9l volna a leg\u00e9ndi \u201ekeltany\u00e1r\u00f3l\u201d \u2013 interj\u00fa az \u00e1sat\u00e1s vezet\u0151 r\u00e9g\u00e9sz\u00e9vel, T\u00f3th Kriszti\u00e1nnal - A n\u00e9zsai \u00f3templom Hist\u00f3ri\u00e1ja","robots":{"index":"index","follow":"follow","max-snippet":"max-snippet:-1","max-image-preview":"max-image-preview:large","max-video-preview":"max-video-preview:-1"},"canonical":"https:\/\/nezsaiotemplom.hu\/index.php\/2023\/09\/04\/amit-mindig-is-tudni-szerettel-volna-a-legendi-keltanyarol-interju-az-asatas-vezeto-regeszevel-toth-krisztiannal\/","og_locale":"hu_HU","og_type":"article","og_title":"Amit mindig is tudni szerett\u00e9l volna a leg\u00e9ndi \u201ekeltany\u00e1r\u00f3l\u201d \u2013 interj\u00fa az \u00e1sat\u00e1s vezet\u0151 r\u00e9g\u00e9sz\u00e9vel, T\u00f3th Kriszti\u00e1nnal - A n\u00e9zsai \u00f3templom Hist\u00f3ri\u00e1ja","og_description":"Elj\u00f6tt a p\u00e9ntek, a leg\u00e9ndi \u00e1sat\u00e1s utols\u00f3 napja, \u00edgy el\u00e9rkezettnek l\u00e1ttam az id\u0151t, hogy egy gyors interj\u00fat csin\u00e1ljak T\u00f3th Kriszti\u00e1nnal, a salg\u00f3tarj\u00e1ni Dornyai B\u00e9la M\u00fazeum oszt\u00e1lyvezet\u0151 r\u00e9g\u00e9sz\u00e9vel, hiszen mostanra \u00e1llhatott \u00f6ssze, mit is lehet tudni a kelta telep\u00fcl\u00e9sr\u0151l. Reggel m\u00e9g havazott, \u00edgy f\u00e9lve kerestem meg Kriszti\u00e1nt, hogy d\u00e9lut\u00e1n kint lesznek e a terepen egy\u00e1ltal\u00e1n, de...","og_url":"https:\/\/nezsaiotemplom.hu\/index.php\/2023\/09\/04\/amit-mindig-is-tudni-szerettel-volna-a-legendi-keltanyarol-interju-az-asatas-vezeto-regeszevel-toth-krisztiannal\/","og_site_name":"A n\u00e9zsai \u00f3templom Hist\u00f3ri\u00e1ja","article_published_time":"2023-09-04T19:10:05+00:00","article_modified_time":"2023-09-04T19:11:11+00:00","og_image":[{"width":700,"height":393,"url":"https:\/\/nezsaiotemplom.hu\/wp-content\/uploads\/2023\/09\/kelta_legend7.jpg","type":"image\/jpeg"}],"author":"admin","twitter_card":"summary_large_image","twitter_misc":{"Szerz\u0151:":"admin","Becs\u00fclt olvas\u00e1si id\u0151":"8 perc"},"schema":{"@context":"https:\/\/schema.org","@graph":[{"@type":"WebPage","@id":"https:\/\/nezsaiotemplom.hu\/index.php\/2023\/09\/04\/amit-mindig-is-tudni-szerettel-volna-a-legendi-keltanyarol-interju-az-asatas-vezeto-regeszevel-toth-krisztiannal\/","url":"https:\/\/nezsaiotemplom.hu\/index.php\/2023\/09\/04\/amit-mindig-is-tudni-szerettel-volna-a-legendi-keltanyarol-interju-az-asatas-vezeto-regeszevel-toth-krisztiannal\/","name":"Amit mindig is tudni szerett\u00e9l volna a leg\u00e9ndi \u201ekeltany\u00e1r\u00f3l\u201d \u2013 interj\u00fa az \u00e1sat\u00e1s vezet\u0151 r\u00e9g\u00e9sz\u00e9vel, T\u00f3th Kriszti\u00e1nnal - A n\u00e9zsai \u00f3templom Hist\u00f3ri\u00e1ja","isPartOf":{"@id":"https:\/\/nezsaiotemplom.hu\/#website"},"primaryImageOfPage":{"@id":"https:\/\/nezsaiotemplom.hu\/index.php\/2023\/09\/04\/amit-mindig-is-tudni-szerettel-volna-a-legendi-keltanyarol-interju-az-asatas-vezeto-regeszevel-toth-krisztiannal\/#primaryimage"},"image":{"@id":"https:\/\/nezsaiotemplom.hu\/index.php\/2023\/09\/04\/amit-mindig-is-tudni-szerettel-volna-a-legendi-keltanyarol-interju-az-asatas-vezeto-regeszevel-toth-krisztiannal\/#primaryimage"},"thumbnailUrl":"https:\/\/nezsaiotemplom.hu\/wp-content\/uploads\/2023\/09\/kelta_legend7.jpg","datePublished":"2023-09-04T19:10:05+00:00","dateModified":"2023-09-04T19:11:11+00:00","author":{"@id":"https:\/\/nezsaiotemplom.hu\/#\/schema\/person\/289262fb29b2509207becfa85561e4dc"},"breadcrumb":{"@id":"https:\/\/nezsaiotemplom.hu\/index.php\/2023\/09\/04\/amit-mindig-is-tudni-szerettel-volna-a-legendi-keltanyarol-interju-az-asatas-vezeto-regeszevel-toth-krisztiannal\/#breadcrumb"},"inLanguage":"hu","potentialAction":[{"@type":"ReadAction","target":["https:\/\/nezsaiotemplom.hu\/index.php\/2023\/09\/04\/amit-mindig-is-tudni-szerettel-volna-a-legendi-keltanyarol-interju-az-asatas-vezeto-regeszevel-toth-krisztiannal\/"]}]},{"@type":"ImageObject","inLanguage":"hu","@id":"https:\/\/nezsaiotemplom.hu\/index.php\/2023\/09\/04\/amit-mindig-is-tudni-szerettel-volna-a-legendi-keltanyarol-interju-az-asatas-vezeto-regeszevel-toth-krisztiannal\/#primaryimage","url":"https:\/\/nezsaiotemplom.hu\/wp-content\/uploads\/2023\/09\/kelta_legend7.jpg","contentUrl":"https:\/\/nezsaiotemplom.hu\/wp-content\/uploads\/2023\/09\/kelta_legend7.jpg","width":700,"height":393},{"@type":"BreadcrumbList","@id":"https:\/\/nezsaiotemplom.hu\/index.php\/2023\/09\/04\/amit-mindig-is-tudni-szerettel-volna-a-legendi-keltanyarol-interju-az-asatas-vezeto-regeszevel-toth-krisztiannal\/#breadcrumb","itemListElement":[{"@type":"ListItem","position":1,"name":"Kezd\u0151lap","item":"https:\/\/nezsaiotemplom.hu\/"},{"@type":"ListItem","position":2,"name":"Amit mindig is tudni szerett\u00e9l volna a leg\u00e9ndi \u201ekeltany\u00e1r\u00f3l\u201d \u2013 interj\u00fa az \u00e1sat\u00e1s vezet\u0151 r\u00e9g\u00e9sz\u00e9vel, T\u00f3th Kriszti\u00e1nnal"}]},{"@type":"WebSite","@id":"https:\/\/nezsaiotemplom.hu\/#website","url":"https:\/\/nezsaiotemplom.hu\/","name":"A n\u00e9zsai \u00f3templom Hist\u00f3ri\u00e1ja","description":"","potentialAction":[{"@type":"SearchAction","target":{"@type":"EntryPoint","urlTemplate":"https:\/\/nezsaiotemplom.hu\/?s={search_term_string}"},"query-input":{"@type":"PropertyValueSpecification","valueRequired":true,"valueName":"search_term_string"}}],"inLanguage":"hu"},{"@type":"Person","@id":"https:\/\/nezsaiotemplom.hu\/#\/schema\/person\/289262fb29b2509207becfa85561e4dc","name":"admin","image":{"@type":"ImageObject","inLanguage":"hu","@id":"https:\/\/nezsaiotemplom.hu\/#\/schema\/person\/image\/","url":"https:\/\/secure.gravatar.com\/avatar\/5fa87eb97814b646bd652fe61a7a67dcab30b7b77d1c925f91281bd855d06f0e?s=96&d=mm&r=g","contentUrl":"https:\/\/secure.gravatar.com\/avatar\/5fa87eb97814b646bd652fe61a7a67dcab30b7b77d1c925f91281bd855d06f0e?s=96&d=mm&r=g","caption":"admin"},"sameAs":["https:\/\/nezsaiotemplom.hu"],"url":"https:\/\/nezsaiotemplom.hu\/index.php\/author\/esem\/"}]}},"_links":{"self":[{"href":"https:\/\/nezsaiotemplom.hu\/index.php\/wp-json\/wp\/v2\/posts\/119","targetHints":{"allow":["GET"]}}],"collection":[{"href":"https:\/\/nezsaiotemplom.hu\/index.php\/wp-json\/wp\/v2\/posts"}],"about":[{"href":"https:\/\/nezsaiotemplom.hu\/index.php\/wp-json\/wp\/v2\/types\/post"}],"author":[{"embeddable":true,"href":"https:\/\/nezsaiotemplom.hu\/index.php\/wp-json\/wp\/v2\/users\/1"}],"replies":[{"embeddable":true,"href":"https:\/\/nezsaiotemplom.hu\/index.php\/wp-json\/wp\/v2\/comments?post=119"}],"version-history":[{"count":3,"href":"https:\/\/nezsaiotemplom.hu\/index.php\/wp-json\/wp\/v2\/posts\/119\/revisions"}],"predecessor-version":[{"id":135,"href":"https:\/\/nezsaiotemplom.hu\/index.php\/wp-json\/wp\/v2\/posts\/119\/revisions\/135"}],"wp:featuredmedia":[{"embeddable":true,"href":"https:\/\/nezsaiotemplom.hu\/index.php\/wp-json\/wp\/v2\/media\/125"}],"wp:attachment":[{"href":"https:\/\/nezsaiotemplom.hu\/index.php\/wp-json\/wp\/v2\/media?parent=119"}],"wp:term":[{"taxonomy":"category","embeddable":true,"href":"https:\/\/nezsaiotemplom.hu\/index.php\/wp-json\/wp\/v2\/categories?post=119"},{"taxonomy":"post_tag","embeddable":true,"href":"https:\/\/nezsaiotemplom.hu\/index.php\/wp-json\/wp\/v2\/tags?post=119"}],"curies":[{"name":"wp","href":"https:\/\/api.w.org\/{rel}","templated":true}]}}