{"id":225,"date":"2023-09-13T13:57:35","date_gmt":"2023-09-13T13:57:35","guid":{"rendered":"https:\/\/nezsaiotemplom.hu\/?p=225"},"modified":"2023-09-15T15:26:57","modified_gmt":"2023-09-15T15:26:57","slug":"amikor-vegre-meglathattuk-mekkora-is-volt-a-nezsai-otemplom","status":"publish","type":"post","link":"https:\/\/nezsaiotemplom.hu\/index.php\/2023\/09\/13\/amikor-vegre-meglathattuk-mekkora-is-volt-a-nezsai-otemplom\/","title":{"rendered":"Amikor v\u00e9gre megl\u00e1thattuk, mekkora is volt a n\u00e9zsai \u00f3templom"},"content":{"rendered":"\n<p>El\u00e9rkezett a t\u00e9l, de kor\u00e1bban k\u00fcl\u00f6n megk\u00e9rt\u00fck Nagy L\u00e1szl\u00f3t, a <a href=\"https:\/\/nezsaiotemplom.hu\/index.php\/2023\/09\/04\/kutatasi-jelentes-a-nezsai-temeto-teruleten-vegzettregeszeti-geofizikai-felmeresekrol\/\" target=\"_blank\" rel=\"noreferrer noopener\">kutat\u00e1si jelent\u00e9s<\/a> mell\u00e9 mell\u00e9keljen egy GPS-koordin\u00e1t\u00e1kkal ell\u00e1tott k\u00e9pet is (lsd. fent), amelynek alapj\u00e1n meg tudjuk hat\u00e1rozni az egykori \u00f3templom alaprajz\u00e1t. \u00cdgy, amikor a n\u00e9zsai \u00f3templomr\u00f3l sz\u00f3l\u00f3 kutat\u00e1si besz\u00e1mol\u00f3 estet megrendezt\u00fck, \u00fagy v\u00e9lt\u00fck, elj\u00f6tt az ideje, hogy ezzel a &#8222;t\u00e9rk\u00e9ppel&#8221; is kezdj\u00fcnk valamit. Az estet megel\u0151z\u0151en teh\u00e1t S\u00e1gi Judit tan\u00e1rn\u0151vel, \u00e9desany\u00e1mmal k\u00f6z\u00f6sen vonultunk fel a templomromhoz kar\u00f3kkal, balt\u00e1val \u00e9s piros-feh\u00e9r szalaggal felszerelkezve, hogy sok sz\u00e1z \u00e9v eltelte ut\u00e1n form\u00e1t adjunk az eltemetett templomnak, amelyet azt\u00e1n a koraesti id\u0151ben, az el\u0151ad\u00e1sokat megel\u0151z\u0151en sz\u00e9pen m\u00e9csesekkel is k\u00f6rberaktunk, majd a megjelentekkel a k\u00e9pzeletbeli falak k\u00f6zt el\u00e9nekelt\u00fck a &#8222;Boldog Asszony Any\u00e1nk&#8221; &#8211; at. <\/p>\n\n\n<div id=\"grid-gallery-7-9493\" data-gg-id=\"7\" data-title=\"El\u0151sz\u00f6r mutattuk meg f\u00e9nnyel a vil\u00e1gnak a n\u00e9zsai \u00f3templom alaprajz\u00e1t\" data-grid-type=\"0\" data-offset=\"5.3\" data-area-position=\"center\" data-icons=\"\" data-preloader=\"true\" data-width=\"215\" data-height=\"215\" data-padding=\"0\" data-quicksand=\"disabled\" data-quicksand-duration=\"none\" data-popup-theme=\"theme_6\" data-popup-type=\"pretty-photo\" data-popup-image-text=\"data-description\" data-popup-widthsize=\"auto\" data-popup-heightsize=\"auto\" data-popup-i18n-words=\"{&quot;close&quot;:&quot;close&quot;,&quot;next&quot;:&quot;next&quot;,&quot;previous&quot;:&quot;previous&quot;,&quot;start_slideshow&quot;:&quot;start slideshow&quot;,&quot;stop_slideshow&quot;:&quot;stop slideshow&quot;,&quot;image&quot;:&quot;image&quot;,&quot;of&quot;:&quot;of&quot;,&quot;prev&quot;:&quot;prev&quot;,&quot;cExpand&quot;:&quot;Expand&quot;,&quot;cPrevious&quot;:&quot;Previous&quot;,&quot;cNext&quot;:&quot;Next&quot;,&quot;cExpandStr&quot;:&quot;Expand the image&quot;,&quot;cRotate&quot;:&quot;Rotate&quot;,&quot;cDetails&quot;:&quot;Details&quot;}\" data-popup-slideshow=\"false\" data-popup-slideshow-speed=\"2500\" data-popup-hoverstop=\"true\" data-popup-slideshow-auto=\"false\" data-popup-background=\"\" data-popup-transparency=\"30\" data-popup-disable-history=\"\" data-popup-disable-changed-url=\"\" data-popup-border-type=\"solid\" data-popup-border-color=\"\" data-popup-border-width=\"\" data-popup-border-enable=\"\" data-fullscreen=\"false\" data-hide-tooltip=\"false\" data-caption-font-family=\"Default\" data-caption-text-size=\"140\" data-is-mobile=\"0\" data-caption-mobile=\"false\" data-hide-long-tltp-title=\"0\" data-caption-disabled-on-mobile=\"false\" data-popup-placement-type=\"0\" data-social-sharing=\"{&quot;enabled&quot;:&quot;&quot;,&quot;gallerySharing&quot;:{&quot;enabled&quot;:null,&quot;position&quot;:null},&quot;imageSharing&quot;:{&quot;enabled&quot;:null,&quot;wrapperClass&quot;:&quot; vertical &quot;},&quot;popupSharing&quot;:{&quot;enabled&quot;:null,&quot;wrapperClass&quot;:&quot; vertical &quot;}}\" class=\"grid-gallery grid-gallery-fixed \" style=\" width:100%; height:auto; margin-left:auto; margin-right:auto;position:relative;\"> <div class=\"gallery-loading\"> <div class=\"blocks\"> <div class=\"block\"><\/div> <div class=\"block\"><\/div> <div class=\"block\"><\/div> <div class=\"block\"><\/div> <\/div> <\/div> <div class=\"gallery-sharing-top\" style=\"display:none;\"> <\/div> <div id=\"photos-7\" class=\"grid-gallery-photos\"><FIGURE class=\"grid-gallery-caption\" data-grid-gallery-type=\"quarter-slide-up\" data-index=\"0\" style=\"display:none;border-radius:00;; margin:5.3px; width:2150;\" ><div class=\"crop\" style=\" width:2150; height:2150; overflow:hidden;\"><img decoding=\"async\" src=\"https:\/\/nezsaiotemplom.hu\/wp-content\/uploads\/2023\/09\/alaprajzos_kivilagitos1-215x215.jpg\" class=\"ggImg\" alt=\"alaprajzos_kivil\u00e1g\u00edt\u00f3s1\" title=\"alaprajzos_kivil\u00e1g\u00edt\u00f3s1\" data-description=\"alaprajzos_kivil\u00e1g\u00edt\u00f3s1\" data-caption=\"alaprajzos_kivil\u00e1g\u00edt\u00f3s1\" data-title=\"alaprajzos_kivil\u00e1g\u00edt\u00f3s1\" style=\" width:215px; height:215px;\" \/><\/div><FIGCAPTION class=\"\" data-alpha=\"5\" style=\"color:#ffffff; background-color:#6f0000; font-size:140; text-align:left; font-family:Default;\" ><div class=\"grid-gallery-figcaption-wrap\" style=\"\"><\/div><\/FIGCAPTION><\/FIGURE><FIGURE class=\"grid-gallery-caption\" data-grid-gallery-type=\"quarter-slide-up\" data-index=\"1\" style=\"display:none;border-radius:00;; margin:5.3px; width:2150;\" ><div class=\"crop\" style=\" width:2150; height:2150; overflow:hidden;\"><img decoding=\"async\" src=\"https:\/\/nezsaiotemplom.hu\/wp-content\/uploads\/2023\/09\/alaprajzos_kivilagitos2-215x215.jpg\" class=\"ggImg\" alt=\"alaprajzos_kivil\u00e1g\u00edt\u00f3s2\" title=\"alaprajzos_kivil\u00e1g\u00edt\u00f3s2\" data-description=\"alaprajzos_kivil\u00e1g\u00edt\u00f3s2\" data-caption=\"alaprajzos_kivil\u00e1g\u00edt\u00f3s2\" data-title=\"alaprajzos_kivil\u00e1g\u00edt\u00f3s2\" style=\" width:215px; height:215px;\" \/><\/div><FIGCAPTION class=\"\" data-alpha=\"5\" style=\"color:#ffffff; background-color:#6f0000; font-size:140; text-align:left; font-family:Default;\" ><div class=\"grid-gallery-figcaption-wrap\" style=\"\"><\/div><\/FIGCAPTION><\/FIGURE><FIGURE class=\"grid-gallery-caption\" data-grid-gallery-type=\"quarter-slide-up\" data-index=\"2\" style=\"display:none;border-radius:00;; margin:5.3px; width:2150;\" ><div class=\"crop\" style=\" width:2150; height:2150; overflow:hidden;\"><img decoding=\"async\" src=\"https:\/\/nezsaiotemplom.hu\/wp-content\/uploads\/2023\/09\/alaprajzos_kivilagitos3-215x215.jpg\" class=\"ggImg\" alt=\"alaprajzos_kivil\u00e1g\u00edt\u00f3s3\" title=\"alaprajzos_kivil\u00e1g\u00edt\u00f3s3\" data-description=\"alaprajzos_kivil\u00e1g\u00edt\u00f3s3\" data-caption=\"alaprajzos_kivil\u00e1g\u00edt\u00f3s3\" data-title=\"alaprajzos_kivil\u00e1g\u00edt\u00f3s3\" style=\" width:215px; height:215px;\" \/><\/div><FIGCAPTION class=\"\" data-alpha=\"5\" style=\"color:#ffffff; background-color:#6f0000; font-size:140; text-align:left; font-family:Default;\" ><div class=\"grid-gallery-figcaption-wrap\" style=\"\"><\/div><\/FIGCAPTION><\/FIGURE><FIGURE class=\"grid-gallery-caption\" data-grid-gallery-type=\"quarter-slide-up\" data-index=\"3\" style=\"display:none;border-radius:00;; margin:5.3px; width:2150;\" ><div class=\"crop\" style=\" width:2150; height:2150; overflow:hidden;\"><img decoding=\"async\" src=\"https:\/\/nezsaiotemplom.hu\/wp-content\/uploads\/2023\/09\/alaprajzos_kivilagitos4-215x215.jpg\" class=\"ggImg\" alt=\"alaprajzos_kivil\u00e1g\u00edt\u00f3s4\" title=\"alaprajzos_kivil\u00e1g\u00edt\u00f3s4\" data-description=\"alaprajzos_kivil\u00e1g\u00edt\u00f3s4\" data-caption=\"alaprajzos_kivil\u00e1g\u00edt\u00f3s4\" data-title=\"alaprajzos_kivil\u00e1g\u00edt\u00f3s4\" style=\" width:215px; height:215px;\" \/><\/div><FIGCAPTION class=\"\" data-alpha=\"5\" style=\"color:#ffffff; background-color:#6f0000; font-size:140; text-align:left; font-family:Default;\" ><div class=\"grid-gallery-figcaption-wrap\" style=\"\"><\/div><\/FIGCAPTION><\/FIGURE><FIGURE class=\"grid-gallery-caption\" data-grid-gallery-type=\"quarter-slide-up\" data-index=\"4\" style=\"display:none;border-radius:00;; margin:5.3px; width:2150;\" ><div class=\"crop\" style=\" width:2150; height:2150; overflow:hidden;\"><img decoding=\"async\" src=\"https:\/\/nezsaiotemplom.hu\/wp-content\/uploads\/2023\/09\/alaprajzos_kivilagitos5-215x215.jpg\" class=\"ggImg\" alt=\"alaprajzos_kivil\u00e1g\u00edt\u00f3s5\" title=\"alaprajzos_kivil\u00e1g\u00edt\u00f3s5\" data-description=\"alaprajzos_kivil\u00e1g\u00edt\u00f3s5\" data-caption=\"alaprajzos_kivil\u00e1g\u00edt\u00f3s5\" data-title=\"alaprajzos_kivil\u00e1g\u00edt\u00f3s5\" style=\" width:215px; height:215px;\" \/><\/div><FIGCAPTION class=\"\" data-alpha=\"5\" style=\"color:#ffffff; background-color:#6f0000; font-size:140; text-align:left; font-family:Default;\" ><div class=\"grid-gallery-figcaption-wrap\" style=\"\"><\/div><\/FIGCAPTION><\/FIGURE><FIGURE class=\"grid-gallery-caption\" data-grid-gallery-type=\"quarter-slide-up\" data-index=\"5\" style=\"display:none;border-radius:00;; margin:5.3px; width:2150;\" ><div class=\"crop\" style=\" width:2150; height:2150; overflow:hidden;\"><img decoding=\"async\" src=\"https:\/\/nezsaiotemplom.hu\/wp-content\/uploads\/2023\/09\/alaprajzos_kivilagitos6-215x215.jpg\" class=\"ggImg\" alt=\"alaprajzos_kivil\u00e1g\u00edt\u00f3s6\" title=\"alaprajzos_kivil\u00e1g\u00edt\u00f3s6\" data-description=\"alaprajzos_kivil\u00e1g\u00edt\u00f3s6\" data-caption=\"alaprajzos_kivil\u00e1g\u00edt\u00f3s6\" data-title=\"alaprajzos_kivil\u00e1g\u00edt\u00f3s6\" style=\" width:215px; height:215px;\" \/><\/div><FIGCAPTION class=\"\" data-alpha=\"5\" style=\"color:#ffffff; background-color:#6f0000; font-size:140; text-align:left; font-family:Default;\" ><div class=\"grid-gallery-figcaption-wrap\" style=\"\"><\/div><\/FIGCAPTION><\/FIGURE><FIGURE class=\"grid-gallery-caption\" data-grid-gallery-type=\"quarter-slide-up\" data-index=\"6\" style=\"display:none;border-radius:00;; margin:5.3px; width:2150;\" ><div class=\"crop\" style=\" width:2150; height:2150; overflow:hidden;\"><img decoding=\"async\" src=\"https:\/\/nezsaiotemplom.hu\/wp-content\/uploads\/2023\/09\/alaprajzos_kivilagitos7-215x215.jpg\" class=\"ggImg\" alt=\"alaprajzos_kivil\u00e1g\u00edt\u00f3s7\" title=\"alaprajzos_kivil\u00e1g\u00edt\u00f3s7\" data-description=\"alaprajzos_kivil\u00e1g\u00edt\u00f3s7\" data-caption=\"alaprajzos_kivil\u00e1g\u00edt\u00f3s7\" data-title=\"alaprajzos_kivil\u00e1g\u00edt\u00f3s7\" style=\" width:215px; height:215px;\" \/><\/div><FIGCAPTION class=\"\" data-alpha=\"5\" style=\"color:#ffffff; background-color:#6f0000; font-size:140; text-align:left; font-family:Default;\" ><div class=\"grid-gallery-figcaption-wrap\" style=\"\"><\/div><\/FIGCAPTION><\/FIGURE><FIGURE class=\"grid-gallery-caption\" data-grid-gallery-type=\"quarter-slide-up\" data-index=\"7\" style=\"display:none;border-radius:00;; margin:5.3px; width:2150;\" ><div class=\"crop\" style=\" width:2150; height:2150; overflow:hidden;\"><img decoding=\"async\" src=\"https:\/\/nezsaiotemplom.hu\/wp-content\/uploads\/2023\/09\/alaprajzos_kivilagitos8-215x215.jpg\" class=\"ggImg\" alt=\"alaprajzos_kivil\u00e1g\u00edt\u00f3s8\" title=\"alaprajzos_kivil\u00e1g\u00edt\u00f3s8\" data-description=\"alaprajzos_kivil\u00e1g\u00edt\u00f3s8\" data-caption=\"alaprajzos_kivil\u00e1g\u00edt\u00f3s8\" data-title=\"alaprajzos_kivil\u00e1g\u00edt\u00f3s8\" style=\" width:215px; height:215px;\" \/><\/div><FIGCAPTION class=\"\" data-alpha=\"5\" style=\"color:#ffffff; background-color:#6f0000; font-size:140; text-align:left; font-family:Default;\" ><div class=\"grid-gallery-figcaption-wrap\" style=\"\"><\/div><\/FIGCAPTION><\/FIGURE><FIGURE class=\"grid-gallery-caption\" data-grid-gallery-type=\"quarter-slide-up\" data-index=\"8\" style=\"display:none;border-radius:00;; margin:5.3px; width:2150;\" ><div class=\"crop\" style=\" width:2150; height:2150; overflow:hidden;\"><img decoding=\"async\" src=\"https:\/\/nezsaiotemplom.hu\/wp-content\/uploads\/2023\/09\/alaprajzos_kivilagitos9-215x215.jpg\" class=\"ggImg\" alt=\"alaprajzos_kivil\u00e1g\u00edt\u00f3s9\" title=\"alaprajzos_kivil\u00e1g\u00edt\u00f3s9\" data-description=\"alaprajzos_kivil\u00e1g\u00edt\u00f3s9\" data-caption=\"alaprajzos_kivil\u00e1g\u00edt\u00f3s9\" data-title=\"alaprajzos_kivil\u00e1g\u00edt\u00f3s9\" style=\" width:215px; height:215px;\" \/><\/div><FIGCAPTION class=\"\" data-alpha=\"5\" style=\"color:#ffffff; background-color:#6f0000; font-size:140; text-align:left; font-family:Default;\" ><div class=\"grid-gallery-figcaption-wrap\" style=\"\"><\/div><\/FIGCAPTION><\/FIGURE><FIGURE class=\"grid-gallery-caption\" data-grid-gallery-type=\"quarter-slide-up\" data-index=\"9\" style=\"display:none;border-radius:00;; margin:5.3px; width:2150;\" ><div class=\"crop\" style=\" width:2150; height:2150; overflow:hidden;\"><img decoding=\"async\" src=\"https:\/\/nezsaiotemplom.hu\/wp-content\/uploads\/2023\/09\/alaprajzos_kivilagitos10-215x215.jpg\" class=\"ggImg\" alt=\"alaprajzos_kivil\u00e1g\u00edt\u00f3s10\" title=\"alaprajzos_kivil\u00e1g\u00edt\u00f3s10\" data-description=\"alaprajzos_kivil\u00e1g\u00edt\u00f3s10\" data-caption=\"alaprajzos_kivil\u00e1g\u00edt\u00f3s10\" data-title=\"alaprajzos_kivil\u00e1g\u00edt\u00f3s10\" style=\" width:215px; height:215px;\" \/><\/div><FIGCAPTION class=\"\" data-alpha=\"5\" style=\"color:#ffffff; background-color:#6f0000; font-size:140; text-align:left; font-family:Default;\" ><div class=\"grid-gallery-figcaption-wrap\" style=\"\"><\/div><\/FIGCAPTION><\/FIGURE><FIGURE class=\"grid-gallery-caption\" data-grid-gallery-type=\"quarter-slide-up\" data-index=\"10\" style=\"display:none;border-radius:00;; margin:5.3px; width:2150;\" ><div class=\"crop\" style=\" width:2150; height:2150; overflow:hidden;\"><img decoding=\"async\" src=\"https:\/\/nezsaiotemplom.hu\/wp-content\/uploads\/2023\/09\/alaprajzos_kivilagitos11-215x215.jpg\" class=\"ggImg\" alt=\"alaprajzos_kivil\u00e1g\u00edt\u00f3s11\" title=\"alaprajzos_kivil\u00e1g\u00edt\u00f3s11\" data-description=\"alaprajzos_kivil\u00e1g\u00edt\u00f3s11\" data-caption=\"alaprajzos_kivil\u00e1g\u00edt\u00f3s11\" data-title=\"alaprajzos_kivil\u00e1g\u00edt\u00f3s11\" style=\" width:215px; height:215px;\" \/><\/div><FIGCAPTION class=\"\" data-alpha=\"5\" style=\"color:#ffffff; background-color:#6f0000; font-size:140; text-align:left; font-family:Default;\" ><div class=\"grid-gallery-figcaption-wrap\" style=\"\"><\/div><\/FIGCAPTION><\/FIGURE><FIGURE class=\"grid-gallery-caption\" data-grid-gallery-type=\"quarter-slide-up\" data-index=\"11\" style=\"display:none;border-radius:00;; margin:5.3px; width:2150;\" ><div class=\"crop\" style=\" width:2150; height:2150; overflow:hidden;\"><img decoding=\"async\" src=\"https:\/\/nezsaiotemplom.hu\/wp-content\/uploads\/2023\/09\/alaprajzos_kivilagitos12-215x215.jpg\" class=\"ggImg\" alt=\"alaprajzos_kivil\u00e1g\u00edt\u00f3s12\" title=\"alaprajzos_kivil\u00e1g\u00edt\u00f3s12\" data-description=\"alaprajzos_kivil\u00e1g\u00edt\u00f3s12\" data-caption=\"alaprajzos_kivil\u00e1g\u00edt\u00f3s12\" data-title=\"alaprajzos_kivil\u00e1g\u00edt\u00f3s12\" style=\" width:215px; height:215px;\" \/><\/div><FIGCAPTION class=\"\" data-alpha=\"5\" style=\"color:#ffffff; background-color:#6f0000; font-size:140; text-align:left; font-family:Default;\" ><div class=\"grid-gallery-figcaption-wrap\" style=\"\"><\/div><\/FIGCAPTION><\/FIGURE><FIGURE class=\"grid-gallery-caption\" data-grid-gallery-type=\"quarter-slide-up\" data-index=\"12\" style=\"display:none;border-radius:00;; margin:5.3px; width:2150;\" ><div class=\"crop\" style=\" width:2150; height:2150; overflow:hidden;\"><img decoding=\"async\" src=\"https:\/\/nezsaiotemplom.hu\/wp-content\/uploads\/2023\/09\/alaprajzos_kivilagitos13-215x215.jpg\" class=\"ggImg\" alt=\"alaprajzos_kivil\u00e1g\u00edt\u00f3s13\" title=\"alaprajzos_kivil\u00e1g\u00edt\u00f3s13\" data-description=\"alaprajzos_kivil\u00e1g\u00edt\u00f3s13\" data-caption=\"alaprajzos_kivil\u00e1g\u00edt\u00f3s13\" data-title=\"alaprajzos_kivil\u00e1g\u00edt\u00f3s13\" style=\" width:215px; height:215px;\" \/><\/div><FIGCAPTION class=\"\" data-alpha=\"5\" style=\"color:#ffffff; background-color:#6f0000; font-size:140; text-align:left; font-family:Default;\" ><div class=\"grid-gallery-figcaption-wrap\" style=\"\"><\/div><\/FIGCAPTION><\/FIGURE><FIGURE class=\"grid-gallery-caption\" data-grid-gallery-type=\"quarter-slide-up\" data-index=\"13\" style=\"display:none;border-radius:00;; margin:5.3px; width:2150;\" ><div class=\"crop\" style=\" width:2150; height:2150; overflow:hidden;\"><img decoding=\"async\" src=\"https:\/\/nezsaiotemplom.hu\/wp-content\/uploads\/2023\/09\/alaprajzos_kivilagitos14-215x215.jpg\" class=\"ggImg\" alt=\"alaprajzos_kivil\u00e1g\u00edt\u00f3s14\" title=\"alaprajzos_kivil\u00e1g\u00edt\u00f3s14\" data-description=\"alaprajzos_kivil\u00e1g\u00edt\u00f3s14\" data-caption=\"alaprajzos_kivil\u00e1g\u00edt\u00f3s14\" data-title=\"alaprajzos_kivil\u00e1g\u00edt\u00f3s14\" style=\" width:215px; height:215px;\" \/><\/div><FIGCAPTION class=\"\" data-alpha=\"5\" style=\"color:#ffffff; background-color:#6f0000; font-size:140; text-align:left; font-family:Default;\" ><div class=\"grid-gallery-figcaption-wrap\" style=\"\"><\/div><\/FIGCAPTION><\/FIGURE> <div class=\"grid-gallery-clearfix\"><\/div> <\/div> <div class=\"gallery-sharing-bottom\" style=\"display:none;\"> <\/div> <div class=\"gallery-sharing-image\" style=\"display:none;\"> <\/div> <div class=\"gallery-sharing-popup\" style=\"display:none;\"> <\/div> <div class=\"grid-gallery-clearfix\"><\/div> <\/div> <!-- Gallery by Supsystic plugin1.15.31 --><a title=\"WordPress Gallery Plugin\" style=\"display:none;\" href=\"https:\/\/supsystic.com\/plugins\/photo-gallery\/?utm_medium=love_link\" target=\"_blank\">WordPress Gallery Plugin<\/a>\n","protected":false},"excerpt":{"rendered":"<p>El\u00e9rkezett a t\u00e9l, de kor\u00e1bban k\u00fcl\u00f6n megk\u00e9rt\u00fck Nagy L\u00e1szl\u00f3t, a kutat\u00e1si jelent\u00e9s mell\u00e9 mell\u00e9keljen egy GPS-koordin\u00e1t\u00e1kkal ell\u00e1tott k\u00e9pet is (lsd. fent), amelynek alapj\u00e1n meg tudjuk hat\u00e1rozni az egykori \u00f3templom alaprajz\u00e1t. \u00cdgy, amikor a n\u00e9zsai \u00f3templomr\u00f3l sz\u00f3l\u00f3 kutat\u00e1si besz\u00e1mol\u00f3 estet megrendezt\u00fck, \u00fagy v\u00e9lt\u00fck, elj\u00f6tt az ideje, hogy ezzel a &#8222;t\u00e9rk\u00e9ppel&#8221; is kezdj\u00fcnk valamit. Az estet megel\u0151z\u0151en&#8230;<\/p>\n","protected":false},"author":1,"featured_media":224,"comment_status":"open","ping_status":"open","sticky":false,"template":"","format":"standard","meta":{"_monsterinsights_skip_tracking":false,"_monsterinsights_sitenote_active":false,"_monsterinsights_sitenote_note":"","_monsterinsights_sitenote_category":0,"_uf_show_specific_survey":0,"_uf_disable_surveys":false,"footnotes":""},"categories":[7],"tags":[16],"class_list":["post-225","post","type-post","status-publish","format-standard","has-post-thumbnail","hentry","category-kozosseg","tag-nezsa"],"yoast_head":"<!-- This site is optimized with the Yoast SEO plugin v26.2 - https:\/\/yoast.com\/wordpress\/plugins\/seo\/ -->\n<title>Amikor v\u00e9gre megl\u00e1thattuk, mekkora is volt a n\u00e9zsai \u00f3templom - A n\u00e9zsai \u00f3templom Hist\u00f3ri\u00e1ja<\/title>\n<meta name=\"robots\" content=\"index, follow, max-snippet:-1, max-image-preview:large, max-video-preview:-1\" \/>\n<link rel=\"canonical\" href=\"https:\/\/nezsaiotemplom.hu\/index.php\/2023\/09\/13\/amikor-vegre-meglathattuk-mekkora-is-volt-a-nezsai-otemplom\/\" \/>\n<meta property=\"og:locale\" content=\"hu_HU\" \/>\n<meta property=\"og:type\" content=\"article\" \/>\n<meta property=\"og:title\" content=\"Amikor v\u00e9gre megl\u00e1thattuk, mekkora is volt a n\u00e9zsai \u00f3templom - A n\u00e9zsai \u00f3templom Hist\u00f3ri\u00e1ja\" \/>\n<meta property=\"og:description\" content=\"El\u00e9rkezett a t\u00e9l, de kor\u00e1bban k\u00fcl\u00f6n megk\u00e9rt\u00fck Nagy L\u00e1szl\u00f3t, a kutat\u00e1si jelent\u00e9s mell\u00e9 mell\u00e9keljen egy GPS-koordin\u00e1t\u00e1kkal ell\u00e1tott k\u00e9pet is (lsd. fent), amelynek alapj\u00e1n meg tudjuk hat\u00e1rozni az egykori \u00f3templom alaprajz\u00e1t. \u00cdgy, amikor a n\u00e9zsai \u00f3templomr\u00f3l sz\u00f3l\u00f3 kutat\u00e1si besz\u00e1mol\u00f3 estet megrendezt\u00fck, \u00fagy v\u00e9lt\u00fck, elj\u00f6tt az ideje, hogy ezzel a &#8222;t\u00e9rk\u00e9ppel&#8221; is kezdj\u00fcnk valamit. Az estet megel\u0151z\u0151en...\" \/>\n<meta property=\"og:url\" content=\"https:\/\/nezsaiotemplom.hu\/index.php\/2023\/09\/13\/amikor-vegre-meglathattuk-mekkora-is-volt-a-nezsai-otemplom\/\" \/>\n<meta property=\"og:site_name\" content=\"A n\u00e9zsai \u00f3templom Hist\u00f3ri\u00e1ja\" \/>\n<meta property=\"article:published_time\" content=\"2023-09-13T13:57:35+00:00\" \/>\n<meta property=\"article:modified_time\" content=\"2023-09-15T15:26:57+00:00\" \/>\n<meta property=\"og:image\" content=\"https:\/\/nezsaiotemplom.hu\/wp-content\/uploads\/2023\/09\/alaprajzos_kivilagitos14.jpg\" \/>\n\t<meta property=\"og:image:width\" content=\"700\" \/>\n\t<meta property=\"og:image:height\" content=\"494\" \/>\n\t<meta property=\"og:image:type\" content=\"image\/jpeg\" \/>\n<meta name=\"author\" content=\"admin\" \/>\n<meta name=\"twitter:card\" content=\"summary_large_image\" \/>\n<meta name=\"twitter:label1\" content=\"Szerz\u0151:\" \/>\n\t<meta name=\"twitter:data1\" content=\"admin\" \/>\n\t<meta name=\"twitter:label2\" content=\"Becs\u00fclt olvas\u00e1si id\u0151\" \/>\n\t<meta name=\"twitter:data2\" content=\"1 perc\" \/>\n<script type=\"application\/ld+json\" class=\"yoast-schema-graph\">{\"@context\":\"https:\/\/schema.org\",\"@graph\":[{\"@type\":\"WebPage\",\"@id\":\"https:\/\/nezsaiotemplom.hu\/index.php\/2023\/09\/13\/amikor-vegre-meglathattuk-mekkora-is-volt-a-nezsai-otemplom\/\",\"url\":\"https:\/\/nezsaiotemplom.hu\/index.php\/2023\/09\/13\/amikor-vegre-meglathattuk-mekkora-is-volt-a-nezsai-otemplom\/\",\"name\":\"Amikor v\u00e9gre megl\u00e1thattuk, mekkora is volt a n\u00e9zsai \u00f3templom - A n\u00e9zsai \u00f3templom Hist\u00f3ri\u00e1ja\",\"isPartOf\":{\"@id\":\"https:\/\/nezsaiotemplom.hu\/#website\"},\"primaryImageOfPage\":{\"@id\":\"https:\/\/nezsaiotemplom.hu\/index.php\/2023\/09\/13\/amikor-vegre-meglathattuk-mekkora-is-volt-a-nezsai-otemplom\/#primaryimage\"},\"image\":{\"@id\":\"https:\/\/nezsaiotemplom.hu\/index.php\/2023\/09\/13\/amikor-vegre-meglathattuk-mekkora-is-volt-a-nezsai-otemplom\/#primaryimage\"},\"thumbnailUrl\":\"https:\/\/nezsaiotemplom.hu\/wp-content\/uploads\/2023\/09\/alaprajzos_kivilagitos14.jpg\",\"datePublished\":\"2023-09-13T13:57:35+00:00\",\"dateModified\":\"2023-09-15T15:26:57+00:00\",\"author\":{\"@id\":\"https:\/\/nezsaiotemplom.hu\/#\/schema\/person\/289262fb29b2509207becfa85561e4dc\"},\"breadcrumb\":{\"@id\":\"https:\/\/nezsaiotemplom.hu\/index.php\/2023\/09\/13\/amikor-vegre-meglathattuk-mekkora-is-volt-a-nezsai-otemplom\/#breadcrumb\"},\"inLanguage\":\"hu\",\"potentialAction\":[{\"@type\":\"ReadAction\",\"target\":[\"https:\/\/nezsaiotemplom.hu\/index.php\/2023\/09\/13\/amikor-vegre-meglathattuk-mekkora-is-volt-a-nezsai-otemplom\/\"]}]},{\"@type\":\"ImageObject\",\"inLanguage\":\"hu\",\"@id\":\"https:\/\/nezsaiotemplom.hu\/index.php\/2023\/09\/13\/amikor-vegre-meglathattuk-mekkora-is-volt-a-nezsai-otemplom\/#primaryimage\",\"url\":\"https:\/\/nezsaiotemplom.hu\/wp-content\/uploads\/2023\/09\/alaprajzos_kivilagitos14.jpg\",\"contentUrl\":\"https:\/\/nezsaiotemplom.hu\/wp-content\/uploads\/2023\/09\/alaprajzos_kivilagitos14.jpg\",\"width\":700,\"height\":494},{\"@type\":\"BreadcrumbList\",\"@id\":\"https:\/\/nezsaiotemplom.hu\/index.php\/2023\/09\/13\/amikor-vegre-meglathattuk-mekkora-is-volt-a-nezsai-otemplom\/#breadcrumb\",\"itemListElement\":[{\"@type\":\"ListItem\",\"position\":1,\"name\":\"Kezd\u0151lap\",\"item\":\"https:\/\/nezsaiotemplom.hu\/\"},{\"@type\":\"ListItem\",\"position\":2,\"name\":\"Amikor v\u00e9gre megl\u00e1thattuk, mekkora is volt a n\u00e9zsai \u00f3templom\"}]},{\"@type\":\"WebSite\",\"@id\":\"https:\/\/nezsaiotemplom.hu\/#website\",\"url\":\"https:\/\/nezsaiotemplom.hu\/\",\"name\":\"A n\u00e9zsai \u00f3templom Hist\u00f3ri\u00e1ja\",\"description\":\"\",\"potentialAction\":[{\"@type\":\"SearchAction\",\"target\":{\"@type\":\"EntryPoint\",\"urlTemplate\":\"https:\/\/nezsaiotemplom.hu\/?s={search_term_string}\"},\"query-input\":{\"@type\":\"PropertyValueSpecification\",\"valueRequired\":true,\"valueName\":\"search_term_string\"}}],\"inLanguage\":\"hu\"},{\"@type\":\"Person\",\"@id\":\"https:\/\/nezsaiotemplom.hu\/#\/schema\/person\/289262fb29b2509207becfa85561e4dc\",\"name\":\"admin\",\"image\":{\"@type\":\"ImageObject\",\"inLanguage\":\"hu\",\"@id\":\"https:\/\/nezsaiotemplom.hu\/#\/schema\/person\/image\/\",\"url\":\"https:\/\/secure.gravatar.com\/avatar\/5fa87eb97814b646bd652fe61a7a67dcab30b7b77d1c925f91281bd855d06f0e?s=96&d=mm&r=g\",\"contentUrl\":\"https:\/\/secure.gravatar.com\/avatar\/5fa87eb97814b646bd652fe61a7a67dcab30b7b77d1c925f91281bd855d06f0e?s=96&d=mm&r=g\",\"caption\":\"admin\"},\"sameAs\":[\"https:\/\/nezsaiotemplom.hu\"],\"url\":\"https:\/\/nezsaiotemplom.hu\/index.php\/author\/esem\/\"}]}<\/script>\n<!-- \/ Yoast SEO plugin. -->","yoast_head_json":{"title":"Amikor v\u00e9gre megl\u00e1thattuk, mekkora is volt a n\u00e9zsai \u00f3templom - A n\u00e9zsai \u00f3templom Hist\u00f3ri\u00e1ja","robots":{"index":"index","follow":"follow","max-snippet":"max-snippet:-1","max-image-preview":"max-image-preview:large","max-video-preview":"max-video-preview:-1"},"canonical":"https:\/\/nezsaiotemplom.hu\/index.php\/2023\/09\/13\/amikor-vegre-meglathattuk-mekkora-is-volt-a-nezsai-otemplom\/","og_locale":"hu_HU","og_type":"article","og_title":"Amikor v\u00e9gre megl\u00e1thattuk, mekkora is volt a n\u00e9zsai \u00f3templom - A n\u00e9zsai \u00f3templom Hist\u00f3ri\u00e1ja","og_description":"El\u00e9rkezett a t\u00e9l, de kor\u00e1bban k\u00fcl\u00f6n megk\u00e9rt\u00fck Nagy L\u00e1szl\u00f3t, a kutat\u00e1si jelent\u00e9s mell\u00e9 mell\u00e9keljen egy GPS-koordin\u00e1t\u00e1kkal ell\u00e1tott k\u00e9pet is (lsd. fent), amelynek alapj\u00e1n meg tudjuk hat\u00e1rozni az egykori \u00f3templom alaprajz\u00e1t. \u00cdgy, amikor a n\u00e9zsai \u00f3templomr\u00f3l sz\u00f3l\u00f3 kutat\u00e1si besz\u00e1mol\u00f3 estet megrendezt\u00fck, \u00fagy v\u00e9lt\u00fck, elj\u00f6tt az ideje, hogy ezzel a &#8222;t\u00e9rk\u00e9ppel&#8221; is kezdj\u00fcnk valamit. Az estet megel\u0151z\u0151en...","og_url":"https:\/\/nezsaiotemplom.hu\/index.php\/2023\/09\/13\/amikor-vegre-meglathattuk-mekkora-is-volt-a-nezsai-otemplom\/","og_site_name":"A n\u00e9zsai \u00f3templom Hist\u00f3ri\u00e1ja","article_published_time":"2023-09-13T13:57:35+00:00","article_modified_time":"2023-09-15T15:26:57+00:00","og_image":[{"width":700,"height":494,"url":"https:\/\/nezsaiotemplom.hu\/wp-content\/uploads\/2023\/09\/alaprajzos_kivilagitos14.jpg","type":"image\/jpeg"}],"author":"admin","twitter_card":"summary_large_image","twitter_misc":{"Szerz\u0151:":"admin","Becs\u00fclt olvas\u00e1si id\u0151":"1 perc"},"schema":{"@context":"https:\/\/schema.org","@graph":[{"@type":"WebPage","@id":"https:\/\/nezsaiotemplom.hu\/index.php\/2023\/09\/13\/amikor-vegre-meglathattuk-mekkora-is-volt-a-nezsai-otemplom\/","url":"https:\/\/nezsaiotemplom.hu\/index.php\/2023\/09\/13\/amikor-vegre-meglathattuk-mekkora-is-volt-a-nezsai-otemplom\/","name":"Amikor v\u00e9gre megl\u00e1thattuk, mekkora is volt a n\u00e9zsai \u00f3templom - A n\u00e9zsai \u00f3templom Hist\u00f3ri\u00e1ja","isPartOf":{"@id":"https:\/\/nezsaiotemplom.hu\/#website"},"primaryImageOfPage":{"@id":"https:\/\/nezsaiotemplom.hu\/index.php\/2023\/09\/13\/amikor-vegre-meglathattuk-mekkora-is-volt-a-nezsai-otemplom\/#primaryimage"},"image":{"@id":"https:\/\/nezsaiotemplom.hu\/index.php\/2023\/09\/13\/amikor-vegre-meglathattuk-mekkora-is-volt-a-nezsai-otemplom\/#primaryimage"},"thumbnailUrl":"https:\/\/nezsaiotemplom.hu\/wp-content\/uploads\/2023\/09\/alaprajzos_kivilagitos14.jpg","datePublished":"2023-09-13T13:57:35+00:00","dateModified":"2023-09-15T15:26:57+00:00","author":{"@id":"https:\/\/nezsaiotemplom.hu\/#\/schema\/person\/289262fb29b2509207becfa85561e4dc"},"breadcrumb":{"@id":"https:\/\/nezsaiotemplom.hu\/index.php\/2023\/09\/13\/amikor-vegre-meglathattuk-mekkora-is-volt-a-nezsai-otemplom\/#breadcrumb"},"inLanguage":"hu","potentialAction":[{"@type":"ReadAction","target":["https:\/\/nezsaiotemplom.hu\/index.php\/2023\/09\/13\/amikor-vegre-meglathattuk-mekkora-is-volt-a-nezsai-otemplom\/"]}]},{"@type":"ImageObject","inLanguage":"hu","@id":"https:\/\/nezsaiotemplom.hu\/index.php\/2023\/09\/13\/amikor-vegre-meglathattuk-mekkora-is-volt-a-nezsai-otemplom\/#primaryimage","url":"https:\/\/nezsaiotemplom.hu\/wp-content\/uploads\/2023\/09\/alaprajzos_kivilagitos14.jpg","contentUrl":"https:\/\/nezsaiotemplom.hu\/wp-content\/uploads\/2023\/09\/alaprajzos_kivilagitos14.jpg","width":700,"height":494},{"@type":"BreadcrumbList","@id":"https:\/\/nezsaiotemplom.hu\/index.php\/2023\/09\/13\/amikor-vegre-meglathattuk-mekkora-is-volt-a-nezsai-otemplom\/#breadcrumb","itemListElement":[{"@type":"ListItem","position":1,"name":"Kezd\u0151lap","item":"https:\/\/nezsaiotemplom.hu\/"},{"@type":"ListItem","position":2,"name":"Amikor v\u00e9gre megl\u00e1thattuk, mekkora is volt a n\u00e9zsai \u00f3templom"}]},{"@type":"WebSite","@id":"https:\/\/nezsaiotemplom.hu\/#website","url":"https:\/\/nezsaiotemplom.hu\/","name":"A n\u00e9zsai \u00f3templom Hist\u00f3ri\u00e1ja","description":"","potentialAction":[{"@type":"SearchAction","target":{"@type":"EntryPoint","urlTemplate":"https:\/\/nezsaiotemplom.hu\/?s={search_term_string}"},"query-input":{"@type":"PropertyValueSpecification","valueRequired":true,"valueName":"search_term_string"}}],"inLanguage":"hu"},{"@type":"Person","@id":"https:\/\/nezsaiotemplom.hu\/#\/schema\/person\/289262fb29b2509207becfa85561e4dc","name":"admin","image":{"@type":"ImageObject","inLanguage":"hu","@id":"https:\/\/nezsaiotemplom.hu\/#\/schema\/person\/image\/","url":"https:\/\/secure.gravatar.com\/avatar\/5fa87eb97814b646bd652fe61a7a67dcab30b7b77d1c925f91281bd855d06f0e?s=96&d=mm&r=g","contentUrl":"https:\/\/secure.gravatar.com\/avatar\/5fa87eb97814b646bd652fe61a7a67dcab30b7b77d1c925f91281bd855d06f0e?s=96&d=mm&r=g","caption":"admin"},"sameAs":["https:\/\/nezsaiotemplom.hu"],"url":"https:\/\/nezsaiotemplom.hu\/index.php\/author\/esem\/"}]}},"_links":{"self":[{"href":"https:\/\/nezsaiotemplom.hu\/index.php\/wp-json\/wp\/v2\/posts\/225","targetHints":{"allow":["GET"]}}],"collection":[{"href":"https:\/\/nezsaiotemplom.hu\/index.php\/wp-json\/wp\/v2\/posts"}],"about":[{"href":"https:\/\/nezsaiotemplom.hu\/index.php\/wp-json\/wp\/v2\/types\/post"}],"author":[{"embeddable":true,"href":"https:\/\/nezsaiotemplom.hu\/index.php\/wp-json\/wp\/v2\/users\/1"}],"replies":[{"embeddable":true,"href":"https:\/\/nezsaiotemplom.hu\/index.php\/wp-json\/wp\/v2\/comments?post=225"}],"version-history":[{"count":5,"href":"https:\/\/nezsaiotemplom.hu\/index.php\/wp-json\/wp\/v2\/posts\/225\/revisions"}],"predecessor-version":[{"id":310,"href":"https:\/\/nezsaiotemplom.hu\/index.php\/wp-json\/wp\/v2\/posts\/225\/revisions\/310"}],"wp:featuredmedia":[{"embeddable":true,"href":"https:\/\/nezsaiotemplom.hu\/index.php\/wp-json\/wp\/v2\/media\/224"}],"wp:attachment":[{"href":"https:\/\/nezsaiotemplom.hu\/index.php\/wp-json\/wp\/v2\/media?parent=225"}],"wp:term":[{"taxonomy":"category","embeddable":true,"href":"https:\/\/nezsaiotemplom.hu\/index.php\/wp-json\/wp\/v2\/categories?post=225"},{"taxonomy":"post_tag","embeddable":true,"href":"https:\/\/nezsaiotemplom.hu\/index.php\/wp-json\/wp\/v2\/tags?post=225"}],"curies":[{"name":"wp","href":"https:\/\/api.w.org\/{rel}","templated":true}]}}