{"id":342,"date":"2024-02-01T20:24:30","date_gmt":"2024-02-01T20:24:30","guid":{"rendered":"https:\/\/nezsaiotemplom.hu\/?p=342"},"modified":"2025-04-28T17:41:18","modified_gmt":"2025-04-28T17:41:18","slug":"krisztus-keresztje-kozelrol-a-nezsai-szentkereszt-ereklye","status":"publish","type":"post","link":"https:\/\/nezsaiotemplom.hu\/index.php\/2024\/02\/01\/krisztus-keresztje-kozelrol-a-nezsai-szentkereszt-ereklye\/","title":{"rendered":"Krisztus keresztje k\u00f6zelr\u0151l \u2013 A n\u00e9zsai Szentkereszt ereklye"},"content":{"rendered":"\n<p><strong>Mint egy kor\u00e1bbi posztban m\u00e1r \u00edrtam, N\u00e9zsa nem kisebb erekly\u00e9vel b\u00fcszk\u00e9lkedhet, mint annak a keresztf\u00e1nak n\u00e9h\u00e1ny szil\u00e1nkj\u00e1val, amelyre J\u00e9zust a Golgot\u00e1n felfesz\u00edtett\u00e9k. Ennek az egyszerre megh\u00f6kkent\u0151 egyszersmind k\u00edv\u00e1ncsis\u00e1got is \u00e9breszt\u0151 t\u00e9nynek a feldolgoz\u00e1s\u00e1t annyi prof\u00e1ns\u00e1ggal puh\u00edtan\u00e1m meg, hogy bizony neh\u00e9z lenne men\u0151bb erekly\u00e9t elk\u00e9pzelni enn\u00e9l. Tal\u00e1n csak a torin\u00f3i leplet, a Szent Gr\u00e1lt, amellyel J\u00e9zus v\u00e9r\u00e9t felfogt\u00e1k, vagy mondjuk Krisztus hajtincseit egy fodr\u00e1szati beavatkoz\u00e1s ut\u00e1n. Ilyen azonban nem ker\u00fclt el\u0151&#8230;<\/strong><\/p>\n\n\n\n<p>A tr\u00e9f\u00e1t f\u00e9lret\u00e9ve, val\u00f3ban s\u00falyos k\u00e9rd\u00e9s, hogy egy ilyen jelent\u0151s\u00e9gteljes ereklye vajon hogyan is, \u00e9s legf\u0151k\u00e9ppen mi\u00e9rt ker\u00fclt N\u00e9zs\u00e1ra.<\/p>\n\n\n\n<h2 class=\"wp-block-heading\">Hogyan ker\u00fcltek el\u0151 a Szent Kereszt erekly\u00e9k? <\/h2>\n\n\n\n<p>Els\u0151 l\u00e9p\u00e9sben tal\u00e1n ismerkedj\u00fcnk meg a Szent Kereszt erekly\u00e9k eredet\u00e9vel, amely a Krisztus ut\u00e1ni IV. sz\u00e1zadig rep\u00edt vissza benn\u00fcnket, Szent Ilona t\u00f6rt\u00e9net\u00e9hez. Szent Ilona, vagy polg\u00e1ri nev\u00e9n Flavia Iulia Helena a bizonytalan t\u00f6rt\u00e9nelmi forr\u00e1sok szerint a szic\u00edliai Drepanum, ma Trapani v\u00e1ros\u00e1ban sz\u00fcletett a IV. sz\u00e1zad k\u00f6rny\u00e9k\u00e9n egy fogad\u00f3s l\u00e1nyak\u00e9nt. \u00c9let\u00e9t ehely\u00fctt hosszan nem id\u00e9zn\u00e9nk. El\u00e9g tal\u00e1n annyi, hogy a pultosl\u00e1nyk\u00e9nt dolgoz\u00f3 Ilona ehely\u00fctt ismerte meg Constantius Clorust, aki azt\u00e1n 293-ban cs\u00e1sz\u00e1r lett. Constantius Clorus t\u00fals\u00e1gosan komolyan vette \u00faj poz\u00edci\u00f3j\u00e1t, \u00edgy el is bocs\u00e1totta a szeg\u00e9ny vend\u00e9gl\u0151s l\u00e1ny\u00e1t (akit v\u00e9lhet\u0151en feles\u00e9g\u00fcl is vett am\u00fagy). Pedig gyermeke is volt t\u0151le, aki viszont 306-ban m\u00e9giscsak apja hely\u00e9re \u00fclt a tr\u00f3nra \u00e9s lett Nagy Konstantinn\u00e1 ebb\u00e9li min\u0151s\u00e9g\u00e9ben. <\/p>\n\n\n\n<p>Nagy Konstantin k\u00e1rp\u00f3tl\u00e1sul a megal\u00e1ztat\u00e1s\u00e9rt maga mell\u00e9 vette \u00e9desanyj\u00e1t, s megaj\u00e1nd\u00e9kozta a cs\u00e1sz\u00e1rn\u00e9 c\u00edmmel. Hogy a szeg\u00e9ny fogad\u00f3s l\u00e1ny\u00e1t k\u00e1r volt annyira alulbecs\u00fclni, mi sem bizony\u00edtja jobban, mintsem hogy 326-ban isteni sugallatra nagyszab\u00e1s\u00fa zar\u00e1ndoklatra indult a Szentf\u00f6ldre. Bej\u00e1rta a kereszt\u00e9nys\u00e9g szent helyeit, templomokat \u00e9p\u00edttetett. Aquileiai Rufinus szerint szent ind\u00edttat\u00e1sra ekkor tal\u00e1lta meg a Golgot\u00e1n J\u00e9zus \u00e9s a k\u00e9t lator keresztjeit is. Mint Aquileiai Rufinus \u00edrja: <\/p>\n\n\n\n<p>\u201e<em>a niceai zsinat idej\u00e9n Ilona, Konstantin \u00e9desanyja, ez a hit\u00e9vel \u00e9s vall\u00e1soss\u00e1g\u00e1val eg\u00e9szen egyed\u00fcl\u00e1ll\u00f3 asszony isteni int\u00e9sek alapj\u00e1n Jeruzs\u00e1lembe ment \u00e9s az ottaniak seg\u00edts\u00e9g\u00e9vel kereste a helyet, ahol Krisztus szent test\u00e9t keresztre fesz\u00edtett\u00e9k. A helyet az\u00e9rt nem volt k\u00f6nny\u0171 megtal\u00e1lni, mert az \u00fcld\u00f6z\u00e9sek idej\u00e9n egy V\u00e9nusz-szobrot \u00e1ll\u00edtottak f\u00f6l a Golgot\u00e1n, hogy aki Krisztus tisztelet\u00e9\u00e9rt odamegy, \u00fagy t\u0171nj\u00e9k, V\u00e9nuszt tiszteli. Ez\u00e9rt a kereszt\u00e9nyek elker\u00fclt\u00e9k a helyet, s az m\u00e1r majdnem feled\u00e9sbe mer\u00fclt. Amikor Ilona \u00e9gi jel alapj\u00e1n r\u00e1tal\u00e1lt a helyre, elt\u00e1vol\u00edttatott onnan mindent, ami a pog\u00e1ny kultuszhoz tartozott, \u00e9s a m\u00e9lybe \u00e1sva (egy szikla\u00fcregben) megtal\u00e1lt\u00e1k a h\u00e1rom keresztet<\/em>.\u201d <\/p>\n\n\n\n<h2 class=\"wp-block-heading\">R\u00f3m\u00e1ban r\u00f6gt\u00f6n bazilik\u00e1t emeltek k\u00f6r\u00e9<\/h2>\n\n\n\n<p>J\u00e9zus keresztj\u00e9nek egyik r\u00e9sz\u00e9t Szent Ilona R\u00f3m\u00e1ba vitette \u00e9s fel\u00e9p\u00edtette k\u00f6r\u00e9 a Szent Kereszt (Sante Croce in Gerusalemme) bazilik\u00e1t. A m\u00e1sik r\u00e9sz\u00e9t ez\u00fcst tokba foglaltatta \u00e9s ott hagyta Jeruzs\u00e1lemben. A kereszt egyes darabjait ugyanakkor sz\u00e9tk\u00fcldt\u00e9k az akkori vil\u00e1g minden t\u00e1j\u00e1ra, megtal\u00e1l\u00e1s\u00e1nak \u00fcnnep\u00e9t augusztus 18-\u00e1n \u00fcnnepli az egyh\u00e1z.<\/p>\n\n\n\n<h2 class=\"wp-block-heading\">Egy zar\u00e1ndokhely tipikus erekly\u00e9je&#8230;<\/h2>\n\n\n\n<p>\u00c9s akkor egy bakugr\u00e1ssal a m\u00e1ba term\u00fcnk, mivel Ipoly atya volt olyan kedves, \u00e9s megengedte, hogy az erekly\u00e9r\u0151l n\u00e9h\u00e1ny k\u00f6zeli fot\u00f3t k\u00e9sz\u00edthessek. Szombat reggeli \u00e1lmosk\u00e1s besz\u00e9lget\u00e9s\u00fcnk sor\u00e1n Ipoly atya elmondta, hogy ide\u00e9rkez\u00e9s\u00e9nek pillanat\u00e1t\u00f3l foglalkoztatja, hogyan is ker\u00fclt ide ilyen ereklye. R\u00e1ad\u00e1sul \u00e9ppen egy Szent Jakabnak szentelt templomba, aki k\u00fcl\u00f6nben is a zar\u00e1ndokok v\u00e9d\u0151szentje. Valami kapcsolat a k\u00e9t t\u00e9ny k\u00f6zt ott lebeg. \u00c9s, persze, nem feleslegesen felkorb\u00e1csolva a fant\u00e1zi\u00e1nkat, ez a k\u00e9t t\u00e9ny utalhat a n\u00e9zsai \u00f3templom egykori szerep\u00e9re \u00e9s rendeltet\u00e9s\u00e9re, ha val\u00f3ban volt mellette kolostor, vagy ink\u00e1bb olyan sz\u00e1ll\u00e1s, ahol a keresztes h\u00e1bor\u00fakba indul\u00f3k megpihenhettek. Az ilyen helyeken ugyanis maguk a keresztesek hagytak el\u0151szeretettel olyan jelent\u0151s erekly\u00e9ket, mint Krisztus keresztj\u00e9nek egy darabja. Mindez persze mer\u0151ben fikci\u00f3, tal\u00e1lgat\u00e1s.<\/p>\n\n\n\n<h2 class=\"wp-block-heading\">K\u00e9t keresztbetett szil\u00e1nkocska<\/h2>\n\n\n\n<p>Mindenesetre, fogadj\u00e1tok szeretettel azt a n\u00e9h\u00e1ny jobb min\u0151s\u00e9g\u0171 k\u00f6zeli k\u00e9pet, amelyet m\u00e1r megoszt\u00e1sra \u00e9rdemesnek tal\u00e1ltam. Az egy\u00e9rtelm\u0171s\u00e9g v\u00e9gett az a k\u00e9t, keresztbe tett szil\u00e1nkocska ott k\u00f6z\u00e9pen, nos az val\u00f3 a Szent Keresztb\u0151l. \u00c9lelmesebbek megfigyelhetnek egy feliratot is, amelynek felfejt\u00e9s\u00e9re mindaddig nem v\u00e1llalkozn\u00e9k, am\u00edg hozz\u00e1 nem jutok az egyh\u00e1zi jegyz\u00e9k hivatalos le\u00edr\u00e1s\u00e1hoz. H\u00e1tha abban m\u00e1r megoldott\u00e1k ezt a k\u00e9rd\u00e9st. Ha igen \u00e9s ha nem, mindenk\u00e9pp jelentkezni fogok a megold\u00e1ssal.<\/p>\n\n\n<div id=\"grid-gallery-14-50957\" data-gg-id=\"14\" data-title=\"N\u00e9zsai ereklye f\u00f3t\u00f3z\u00e1sa\" data-grid-type=\"0\" data-offset=\"5.3\" data-area-position=\"center\" data-icons=\"\" data-preloader=\"true\" data-width=\"215\" data-height=\"215\" data-padding=\"0\" data-quicksand=\"disabled\" data-quicksand-duration=\"none\" data-popup-theme=\"theme_6\" data-popup-type=\"pretty-photo\" data-popup-image-text=\"data-description\" data-popup-widthsize=\"auto\" data-popup-heightsize=\"auto\" data-popup-i18n-words=\"{&quot;close&quot;:&quot;close&quot;,&quot;next&quot;:&quot;next&quot;,&quot;previous&quot;:&quot;previous&quot;,&quot;start_slideshow&quot;:&quot;start slideshow&quot;,&quot;stop_slideshow&quot;:&quot;stop slideshow&quot;,&quot;image&quot;:&quot;image&quot;,&quot;of&quot;:&quot;of&quot;,&quot;prev&quot;:&quot;prev&quot;,&quot;cExpand&quot;:&quot;Expand&quot;,&quot;cPrevious&quot;:&quot;Previous&quot;,&quot;cNext&quot;:&quot;Next&quot;,&quot;cExpandStr&quot;:&quot;Expand the image&quot;,&quot;cRotate&quot;:&quot;Rotate&quot;,&quot;cDetails&quot;:&quot;Details&quot;}\" data-popup-slideshow=\"false\" data-popup-slideshow-speed=\"2500\" data-popup-hoverstop=\"true\" data-popup-slideshow-auto=\"false\" data-popup-background=\"\" data-popup-transparency=\"30\" data-popup-disable-history=\"\" data-popup-disable-changed-url=\"\" data-popup-border-type=\"solid\" data-popup-border-color=\"\" data-popup-border-width=\"\" data-popup-border-enable=\"\" data-fullscreen=\"false\" data-hide-tooltip=\"false\" data-caption-font-family=\"Default\" data-caption-text-size=\"140\" data-is-mobile=\"0\" data-caption-mobile=\"false\" data-hide-long-tltp-title=\"0\" data-caption-disabled-on-mobile=\"false\" data-popup-placement-type=\"0\" data-social-sharing=\"{&quot;enabled&quot;:&quot;&quot;,&quot;gallerySharing&quot;:{&quot;enabled&quot;:null,&quot;position&quot;:null},&quot;imageSharing&quot;:{&quot;enabled&quot;:null,&quot;wrapperClass&quot;:&quot; vertical &quot;},&quot;popupSharing&quot;:{&quot;enabled&quot;:null,&quot;wrapperClass&quot;:&quot; vertical &quot;}}\" class=\"grid-gallery grid-gallery-fixed \" style=\" width:100%; height:auto; margin-left:auto; margin-right:auto;position:relative;\"> <div class=\"gallery-loading\"> <div class=\"blocks\"> <div class=\"block\"><\/div> <div class=\"block\"><\/div> <div class=\"block\"><\/div> <div class=\"block\"><\/div> <\/div> <\/div> <div class=\"gallery-sharing-top\" style=\"display:none;\"> <\/div> <div id=\"photos-14\" class=\"grid-gallery-photos\"><FIGURE class=\"grid-gallery-caption\" data-grid-gallery-type=\"quarter-slide-up\" data-index=\"0\" style=\"display:none;border-radius:00;; margin:5.3px; width:2150;\" ><div class=\"crop\" style=\" width:2150; height:2150; overflow:hidden;\"><img decoding=\"async\" src=\"https:\/\/nezsaiotemplom.hu\/wp-content\/uploads\/2024\/02\/nezsai_ereklye-215x215.jpg\" class=\"ggImg\" alt=\"n\u00e9zsai_ereklye\" title=\"n\u00e9zsai_ereklye\" data-description=\"n\u00e9zsai_ereklye\" data-caption=\"n\u00e9zsai_ereklye\" data-title=\"n\u00e9zsai_ereklye\" style=\" width:215px; height:215px;\" \/><\/div><FIGCAPTION class=\"\" data-alpha=\"5\" style=\"color:#ffffff; background-color:#6f0000; font-size:140; text-align:left; font-family:Default;\" ><div class=\"grid-gallery-figcaption-wrap\" style=\"\"><\/div><\/FIGCAPTION><\/FIGURE><FIGURE class=\"grid-gallery-caption\" data-grid-gallery-type=\"quarter-slide-up\" data-index=\"1\" style=\"display:none;border-radius:00;; margin:5.3px; width:2150;\" ><div class=\"crop\" style=\" width:2150; height:2150; overflow:hidden;\"><img decoding=\"async\" src=\"https:\/\/nezsaiotemplom.hu\/wp-content\/uploads\/2024\/02\/nezsai_ereklye1-215x215.jpg\" class=\"ggImg\" alt=\"n\u00e9zsai_ereklye1\" title=\"n\u00e9zsai_ereklye1\" data-description=\"n\u00e9zsai_ereklye1\" data-caption=\"n\u00e9zsai_ereklye1\" data-title=\"n\u00e9zsai_ereklye1\" style=\" width:215px; height:215px;\" \/><\/div><FIGCAPTION class=\"\" data-alpha=\"5\" style=\"color:#ffffff; background-color:#6f0000; font-size:140; text-align:left; font-family:Default;\" ><div class=\"grid-gallery-figcaption-wrap\" style=\"\"><\/div><\/FIGCAPTION><\/FIGURE><FIGURE class=\"grid-gallery-caption\" data-grid-gallery-type=\"quarter-slide-up\" data-index=\"2\" style=\"display:none;border-radius:00;; margin:5.3px; width:2150;\" ><div class=\"crop\" style=\" width:2150; height:2150; overflow:hidden;\"><img decoding=\"async\" src=\"https:\/\/nezsaiotemplom.hu\/wp-content\/uploads\/2024\/02\/nezsai_ereklye2-215x215.jpg\" class=\"ggImg\" alt=\"n\u00e9zsai_ereklye2\" title=\"n\u00e9zsai_ereklye2\" data-description=\"n\u00e9zsai_ereklye2\" data-caption=\"n\u00e9zsai_ereklye2\" data-title=\"n\u00e9zsai_ereklye2\" style=\" width:215px; height:215px;\" \/><\/div><FIGCAPTION class=\"\" data-alpha=\"5\" style=\"color:#ffffff; background-color:#6f0000; font-size:140; text-align:left; font-family:Default;\" ><div class=\"grid-gallery-figcaption-wrap\" style=\"\"><\/div><\/FIGCAPTION><\/FIGURE><FIGURE class=\"grid-gallery-caption\" data-grid-gallery-type=\"quarter-slide-up\" data-index=\"3\" style=\"display:none;border-radius:00;; margin:5.3px; width:2150;\" ><div class=\"crop\" style=\" width:2150; height:2150; overflow:hidden;\"><img decoding=\"async\" src=\"https:\/\/nezsaiotemplom.hu\/wp-content\/uploads\/2024\/02\/nezsai_ereklye3-215x215.jpg\" class=\"ggImg\" alt=\"n\u00e9zsai_ereklye3\" title=\"n\u00e9zsai_ereklye3\" data-description=\"n\u00e9zsai_ereklye3\" data-caption=\"n\u00e9zsai_ereklye3\" data-title=\"n\u00e9zsai_ereklye3\" style=\" width:215px; height:215px;\" \/><\/div><FIGCAPTION class=\"\" data-alpha=\"5\" style=\"color:#ffffff; background-color:#6f0000; font-size:140; text-align:left; font-family:Default;\" ><div class=\"grid-gallery-figcaption-wrap\" style=\"\"><\/div><\/FIGCAPTION><\/FIGURE><FIGURE class=\"grid-gallery-caption\" data-grid-gallery-type=\"quarter-slide-up\" data-index=\"4\" style=\"display:none;border-radius:00;; margin:5.3px; width:2150;\" ><div class=\"crop\" style=\" width:2150; height:2150; overflow:hidden;\"><img decoding=\"async\" src=\"https:\/\/nezsaiotemplom.hu\/wp-content\/uploads\/2024\/02\/nezsai_ereklye4-215x215.jpg\" class=\"ggImg\" alt=\"n\u00e9zsai_ereklye4\" title=\"n\u00e9zsai_ereklye4\" data-description=\"n\u00e9zsai_ereklye4\" data-caption=\"n\u00e9zsai_ereklye4\" data-title=\"n\u00e9zsai_ereklye4\" style=\" width:215px; height:215px;\" \/><\/div><FIGCAPTION class=\"\" data-alpha=\"5\" style=\"color:#ffffff; background-color:#6f0000; font-size:140; text-align:left; font-family:Default;\" ><div class=\"grid-gallery-figcaption-wrap\" style=\"\"><\/div><\/FIGCAPTION><\/FIGURE><FIGURE class=\"grid-gallery-caption\" data-grid-gallery-type=\"quarter-slide-up\" data-index=\"5\" style=\"display:none;border-radius:00;; margin:5.3px; width:2150;\" ><div class=\"crop\" style=\" width:2150; height:2150; overflow:hidden;\"><img decoding=\"async\" src=\"https:\/\/nezsaiotemplom.hu\/wp-content\/uploads\/2024\/02\/nezsai_ereklye5-215x215.jpg\" class=\"ggImg\" alt=\"n\u00e9zsai_ereklye5\" title=\"n\u00e9zsai_ereklye5\" data-description=\"n\u00e9zsai_ereklye5\" data-caption=\"n\u00e9zsai_ereklye5\" data-title=\"n\u00e9zsai_ereklye5\" style=\" width:215px; height:215px;\" \/><\/div><FIGCAPTION class=\"\" data-alpha=\"5\" style=\"color:#ffffff; background-color:#6f0000; font-size:140; text-align:left; font-family:Default;\" ><div class=\"grid-gallery-figcaption-wrap\" style=\"\"><\/div><\/FIGCAPTION><\/FIGURE><FIGURE class=\"grid-gallery-caption\" data-grid-gallery-type=\"quarter-slide-up\" data-index=\"6\" style=\"display:none;border-radius:00;; margin:5.3px; width:2150;\" ><div class=\"crop\" style=\" width:2150; height:2150; overflow:hidden;\"><img decoding=\"async\" src=\"https:\/\/nezsaiotemplom.hu\/wp-content\/uploads\/2024\/02\/nezsai_ereklye6-215x215.jpg\" class=\"ggImg\" alt=\"n\u00e9zsai_ereklye6\" title=\"n\u00e9zsai_ereklye6\" data-description=\"n\u00e9zsai_ereklye6\" data-caption=\"n\u00e9zsai_ereklye6\" data-title=\"n\u00e9zsai_ereklye6\" style=\" width:215px; height:215px;\" \/><\/div><FIGCAPTION class=\"\" data-alpha=\"5\" style=\"color:#ffffff; background-color:#6f0000; font-size:140; text-align:left; font-family:Default;\" ><div class=\"grid-gallery-figcaption-wrap\" style=\"\"><\/div><\/FIGCAPTION><\/FIGURE> <div class=\"grid-gallery-clearfix\"><\/div> <\/div> <div class=\"gallery-sharing-bottom\" style=\"display:none;\"> <\/div> <div class=\"gallery-sharing-image\" style=\"display:none;\"> <\/div> <div class=\"gallery-sharing-popup\" style=\"display:none;\"> <\/div> <div class=\"grid-gallery-clearfix\"><\/div> <\/div> <!-- Gallery by Supsystic plugin1.15.31 --><a title=\"WordPress Gallery Plugin\" style=\"display:none;\" href=\"https:\/\/supsystic.com\/plugins\/photo-gallery\/?utm_medium=love_link\" target=\"_blank\">WordPress Gallery Plugin<\/a>\n","protected":false},"excerpt":{"rendered":"<p>Mint egy kor\u00e1bbi posztban m\u00e1r \u00edrtam, N\u00e9zsa nem kisebb erekly\u00e9vel b\u00fcszk\u00e9lkedhet, mint annak a keresztf\u00e1nak n\u00e9h\u00e1ny szil\u00e1nkj\u00e1val, amelyre J\u00e9zust a Golgot\u00e1n felfesz\u00edtett\u00e9k. Ennek az egyszerre megh\u00f6kkent\u0151 egyszersmind k\u00edv\u00e1ncsis\u00e1got is \u00e9breszt\u0151 t\u00e9nynek a feldolgoz\u00e1s\u00e1t annyi prof\u00e1ns\u00e1ggal puh\u00edtan\u00e1m meg, hogy bizony neh\u00e9z lenne men\u0151bb erekly\u00e9t elk\u00e9pzelni enn\u00e9l. Tal\u00e1n csak a torin\u00f3i leplet, a Szent Gr\u00e1lt, amellyel J\u00e9zus&#8230;<\/p>\n","protected":false},"author":1,"featured_media":348,"comment_status":"open","ping_status":"open","sticky":false,"template":"","format":"standard","meta":{"_monsterinsights_skip_tracking":false,"_monsterinsights_sitenote_active":false,"_monsterinsights_sitenote_note":"","_monsterinsights_sitenote_category":0,"_uf_show_specific_survey":0,"_uf_disable_surveys":false,"footnotes":""},"categories":[8],"tags":[30,16,28],"class_list":["post-342","post","type-post","status-publish","format-standard","has-post-thumbnail","hentry","category-a-kronikas-blogja","tag-ereklye","tag-nezsa","tag-templom"],"yoast_head":"<!-- This site is optimized with the Yoast SEO plugin v26.2 - https:\/\/yoast.com\/wordpress\/plugins\/seo\/ -->\n<title>Krisztus keresztje k\u00f6zelr\u0151l \u2013 A n\u00e9zsai Szentkereszt ereklye - A n\u00e9zsai \u00f3templom Hist\u00f3ri\u00e1ja<\/title>\n<meta name=\"description\" content=\"A n\u00e9zsai ereklye kapcs\u00e1n arr\u00f3l \u00edrunk, hogyan ker\u00fclt a Szentkereszt R\u00f3m\u00e1ba Szent Ilon\u00e1nak, a szeg\u00e9ny fogad\u00f3s l\u00e1ny\u00e1nak k\u00f6sz\u00f6nhet\u0151en.\" \/>\n<meta name=\"robots\" content=\"index, follow, max-snippet:-1, max-image-preview:large, max-video-preview:-1\" \/>\n<link rel=\"canonical\" href=\"https:\/\/nezsaiotemplom.hu\/index.php\/2024\/02\/01\/krisztus-keresztje-kozelrol-a-nezsai-szentkereszt-ereklye\/\" \/>\n<meta property=\"og:locale\" content=\"hu_HU\" \/>\n<meta property=\"og:type\" content=\"article\" \/>\n<meta property=\"og:title\" content=\"Krisztus keresztje k\u00f6zelr\u0151l \u2013 A n\u00e9zsai Szentkereszt ereklye - A n\u00e9zsai \u00f3templom Hist\u00f3ri\u00e1ja\" \/>\n<meta property=\"og:description\" content=\"A n\u00e9zsai ereklye kapcs\u00e1n arr\u00f3l \u00edrunk, hogyan ker\u00fclt a Szentkereszt R\u00f3m\u00e1ba Szent Ilon\u00e1nak, a szeg\u00e9ny fogad\u00f3s l\u00e1ny\u00e1nak k\u00f6sz\u00f6nhet\u0151en.\" \/>\n<meta property=\"og:url\" content=\"https:\/\/nezsaiotemplom.hu\/index.php\/2024\/02\/01\/krisztus-keresztje-kozelrol-a-nezsai-szentkereszt-ereklye\/\" \/>\n<meta property=\"og:site_name\" content=\"A n\u00e9zsai \u00f3templom Hist\u00f3ri\u00e1ja\" \/>\n<meta property=\"article:published_time\" content=\"2024-02-01T20:24:30+00:00\" \/>\n<meta property=\"article:modified_time\" content=\"2025-04-28T17:41:18+00:00\" \/>\n<meta property=\"og:image\" content=\"https:\/\/nezsaiotemplom.hu\/wp-content\/uploads\/2024\/02\/nezsai_ereklye1.jpg\" \/>\n\t<meta property=\"og:image:width\" content=\"700\" \/>\n\t<meta property=\"og:image:height\" content=\"525\" \/>\n\t<meta property=\"og:image:type\" content=\"image\/jpeg\" \/>\n<meta name=\"author\" content=\"admin\" \/>\n<meta name=\"twitter:card\" content=\"summary_large_image\" \/>\n<meta name=\"twitter:label1\" content=\"Szerz\u0151:\" \/>\n\t<meta name=\"twitter:data1\" content=\"admin\" \/>\n\t<meta name=\"twitter:label2\" content=\"Becs\u00fclt olvas\u00e1si id\u0151\" \/>\n\t<meta name=\"twitter:data2\" content=\"4 perc\" \/>\n<script type=\"application\/ld+json\" class=\"yoast-schema-graph\">{\"@context\":\"https:\/\/schema.org\",\"@graph\":[{\"@type\":\"WebPage\",\"@id\":\"https:\/\/nezsaiotemplom.hu\/index.php\/2024\/02\/01\/krisztus-keresztje-kozelrol-a-nezsai-szentkereszt-ereklye\/\",\"url\":\"https:\/\/nezsaiotemplom.hu\/index.php\/2024\/02\/01\/krisztus-keresztje-kozelrol-a-nezsai-szentkereszt-ereklye\/\",\"name\":\"Krisztus keresztje k\u00f6zelr\u0151l \u2013 A n\u00e9zsai Szentkereszt ereklye - A n\u00e9zsai \u00f3templom Hist\u00f3ri\u00e1ja\",\"isPartOf\":{\"@id\":\"https:\/\/nezsaiotemplom.hu\/#website\"},\"primaryImageOfPage\":{\"@id\":\"https:\/\/nezsaiotemplom.hu\/index.php\/2024\/02\/01\/krisztus-keresztje-kozelrol-a-nezsai-szentkereszt-ereklye\/#primaryimage\"},\"image\":{\"@id\":\"https:\/\/nezsaiotemplom.hu\/index.php\/2024\/02\/01\/krisztus-keresztje-kozelrol-a-nezsai-szentkereszt-ereklye\/#primaryimage\"},\"thumbnailUrl\":\"https:\/\/nezsaiotemplom.hu\/wp-content\/uploads\/2024\/02\/nezsai_ereklye1.jpg\",\"datePublished\":\"2024-02-01T20:24:30+00:00\",\"dateModified\":\"2025-04-28T17:41:18+00:00\",\"author\":{\"@id\":\"https:\/\/nezsaiotemplom.hu\/#\/schema\/person\/289262fb29b2509207becfa85561e4dc\"},\"description\":\"A n\u00e9zsai ereklye kapcs\u00e1n arr\u00f3l \u00edrunk, hogyan ker\u00fclt a Szentkereszt R\u00f3m\u00e1ba Szent Ilon\u00e1nak, a szeg\u00e9ny fogad\u00f3s l\u00e1ny\u00e1nak k\u00f6sz\u00f6nhet\u0151en.\",\"breadcrumb\":{\"@id\":\"https:\/\/nezsaiotemplom.hu\/index.php\/2024\/02\/01\/krisztus-keresztje-kozelrol-a-nezsai-szentkereszt-ereklye\/#breadcrumb\"},\"inLanguage\":\"hu\",\"potentialAction\":[{\"@type\":\"ReadAction\",\"target\":[\"https:\/\/nezsaiotemplom.hu\/index.php\/2024\/02\/01\/krisztus-keresztje-kozelrol-a-nezsai-szentkereszt-ereklye\/\"]}]},{\"@type\":\"ImageObject\",\"inLanguage\":\"hu\",\"@id\":\"https:\/\/nezsaiotemplom.hu\/index.php\/2024\/02\/01\/krisztus-keresztje-kozelrol-a-nezsai-szentkereszt-ereklye\/#primaryimage\",\"url\":\"https:\/\/nezsaiotemplom.hu\/wp-content\/uploads\/2024\/02\/nezsai_ereklye1.jpg\",\"contentUrl\":\"https:\/\/nezsaiotemplom.hu\/wp-content\/uploads\/2024\/02\/nezsai_ereklye1.jpg\",\"width\":700,\"height\":525},{\"@type\":\"BreadcrumbList\",\"@id\":\"https:\/\/nezsaiotemplom.hu\/index.php\/2024\/02\/01\/krisztus-keresztje-kozelrol-a-nezsai-szentkereszt-ereklye\/#breadcrumb\",\"itemListElement\":[{\"@type\":\"ListItem\",\"position\":1,\"name\":\"Kezd\u0151lap\",\"item\":\"https:\/\/nezsaiotemplom.hu\/\"},{\"@type\":\"ListItem\",\"position\":2,\"name\":\"Krisztus keresztje k\u00f6zelr\u0151l \u2013 A n\u00e9zsai Szentkereszt ereklye\"}]},{\"@type\":\"WebSite\",\"@id\":\"https:\/\/nezsaiotemplom.hu\/#website\",\"url\":\"https:\/\/nezsaiotemplom.hu\/\",\"name\":\"A n\u00e9zsai \u00f3templom Hist\u00f3ri\u00e1ja\",\"description\":\"\",\"potentialAction\":[{\"@type\":\"SearchAction\",\"target\":{\"@type\":\"EntryPoint\",\"urlTemplate\":\"https:\/\/nezsaiotemplom.hu\/?s={search_term_string}\"},\"query-input\":{\"@type\":\"PropertyValueSpecification\",\"valueRequired\":true,\"valueName\":\"search_term_string\"}}],\"inLanguage\":\"hu\"},{\"@type\":\"Person\",\"@id\":\"https:\/\/nezsaiotemplom.hu\/#\/schema\/person\/289262fb29b2509207becfa85561e4dc\",\"name\":\"admin\",\"image\":{\"@type\":\"ImageObject\",\"inLanguage\":\"hu\",\"@id\":\"https:\/\/nezsaiotemplom.hu\/#\/schema\/person\/image\/\",\"url\":\"https:\/\/secure.gravatar.com\/avatar\/5fa87eb97814b646bd652fe61a7a67dcab30b7b77d1c925f91281bd855d06f0e?s=96&d=mm&r=g\",\"contentUrl\":\"https:\/\/secure.gravatar.com\/avatar\/5fa87eb97814b646bd652fe61a7a67dcab30b7b77d1c925f91281bd855d06f0e?s=96&d=mm&r=g\",\"caption\":\"admin\"},\"sameAs\":[\"https:\/\/nezsaiotemplom.hu\"],\"url\":\"https:\/\/nezsaiotemplom.hu\/index.php\/author\/esem\/\"}]}<\/script>\n<!-- \/ Yoast SEO plugin. -->","yoast_head_json":{"title":"Krisztus keresztje k\u00f6zelr\u0151l \u2013 A n\u00e9zsai Szentkereszt ereklye - A n\u00e9zsai \u00f3templom Hist\u00f3ri\u00e1ja","description":"A n\u00e9zsai ereklye kapcs\u00e1n arr\u00f3l \u00edrunk, hogyan ker\u00fclt a Szentkereszt R\u00f3m\u00e1ba Szent Ilon\u00e1nak, a szeg\u00e9ny fogad\u00f3s l\u00e1ny\u00e1nak k\u00f6sz\u00f6nhet\u0151en.","robots":{"index":"index","follow":"follow","max-snippet":"max-snippet:-1","max-image-preview":"max-image-preview:large","max-video-preview":"max-video-preview:-1"},"canonical":"https:\/\/nezsaiotemplom.hu\/index.php\/2024\/02\/01\/krisztus-keresztje-kozelrol-a-nezsai-szentkereszt-ereklye\/","og_locale":"hu_HU","og_type":"article","og_title":"Krisztus keresztje k\u00f6zelr\u0151l \u2013 A n\u00e9zsai Szentkereszt ereklye - A n\u00e9zsai \u00f3templom Hist\u00f3ri\u00e1ja","og_description":"A n\u00e9zsai ereklye kapcs\u00e1n arr\u00f3l \u00edrunk, hogyan ker\u00fclt a Szentkereszt R\u00f3m\u00e1ba Szent Ilon\u00e1nak, a szeg\u00e9ny fogad\u00f3s l\u00e1ny\u00e1nak k\u00f6sz\u00f6nhet\u0151en.","og_url":"https:\/\/nezsaiotemplom.hu\/index.php\/2024\/02\/01\/krisztus-keresztje-kozelrol-a-nezsai-szentkereszt-ereklye\/","og_site_name":"A n\u00e9zsai \u00f3templom Hist\u00f3ri\u00e1ja","article_published_time":"2024-02-01T20:24:30+00:00","article_modified_time":"2025-04-28T17:41:18+00:00","og_image":[{"width":700,"height":525,"url":"https:\/\/nezsaiotemplom.hu\/wp-content\/uploads\/2024\/02\/nezsai_ereklye1.jpg","type":"image\/jpeg"}],"author":"admin","twitter_card":"summary_large_image","twitter_misc":{"Szerz\u0151:":"admin","Becs\u00fclt olvas\u00e1si id\u0151":"4 perc"},"schema":{"@context":"https:\/\/schema.org","@graph":[{"@type":"WebPage","@id":"https:\/\/nezsaiotemplom.hu\/index.php\/2024\/02\/01\/krisztus-keresztje-kozelrol-a-nezsai-szentkereszt-ereklye\/","url":"https:\/\/nezsaiotemplom.hu\/index.php\/2024\/02\/01\/krisztus-keresztje-kozelrol-a-nezsai-szentkereszt-ereklye\/","name":"Krisztus keresztje k\u00f6zelr\u0151l \u2013 A n\u00e9zsai Szentkereszt ereklye - A n\u00e9zsai \u00f3templom Hist\u00f3ri\u00e1ja","isPartOf":{"@id":"https:\/\/nezsaiotemplom.hu\/#website"},"primaryImageOfPage":{"@id":"https:\/\/nezsaiotemplom.hu\/index.php\/2024\/02\/01\/krisztus-keresztje-kozelrol-a-nezsai-szentkereszt-ereklye\/#primaryimage"},"image":{"@id":"https:\/\/nezsaiotemplom.hu\/index.php\/2024\/02\/01\/krisztus-keresztje-kozelrol-a-nezsai-szentkereszt-ereklye\/#primaryimage"},"thumbnailUrl":"https:\/\/nezsaiotemplom.hu\/wp-content\/uploads\/2024\/02\/nezsai_ereklye1.jpg","datePublished":"2024-02-01T20:24:30+00:00","dateModified":"2025-04-28T17:41:18+00:00","author":{"@id":"https:\/\/nezsaiotemplom.hu\/#\/schema\/person\/289262fb29b2509207becfa85561e4dc"},"description":"A n\u00e9zsai ereklye kapcs\u00e1n arr\u00f3l \u00edrunk, hogyan ker\u00fclt a Szentkereszt R\u00f3m\u00e1ba Szent Ilon\u00e1nak, a szeg\u00e9ny fogad\u00f3s l\u00e1ny\u00e1nak k\u00f6sz\u00f6nhet\u0151en.","breadcrumb":{"@id":"https:\/\/nezsaiotemplom.hu\/index.php\/2024\/02\/01\/krisztus-keresztje-kozelrol-a-nezsai-szentkereszt-ereklye\/#breadcrumb"},"inLanguage":"hu","potentialAction":[{"@type":"ReadAction","target":["https:\/\/nezsaiotemplom.hu\/index.php\/2024\/02\/01\/krisztus-keresztje-kozelrol-a-nezsai-szentkereszt-ereklye\/"]}]},{"@type":"ImageObject","inLanguage":"hu","@id":"https:\/\/nezsaiotemplom.hu\/index.php\/2024\/02\/01\/krisztus-keresztje-kozelrol-a-nezsai-szentkereszt-ereklye\/#primaryimage","url":"https:\/\/nezsaiotemplom.hu\/wp-content\/uploads\/2024\/02\/nezsai_ereklye1.jpg","contentUrl":"https:\/\/nezsaiotemplom.hu\/wp-content\/uploads\/2024\/02\/nezsai_ereklye1.jpg","width":700,"height":525},{"@type":"BreadcrumbList","@id":"https:\/\/nezsaiotemplom.hu\/index.php\/2024\/02\/01\/krisztus-keresztje-kozelrol-a-nezsai-szentkereszt-ereklye\/#breadcrumb","itemListElement":[{"@type":"ListItem","position":1,"name":"Kezd\u0151lap","item":"https:\/\/nezsaiotemplom.hu\/"},{"@type":"ListItem","position":2,"name":"Krisztus keresztje k\u00f6zelr\u0151l \u2013 A n\u00e9zsai Szentkereszt ereklye"}]},{"@type":"WebSite","@id":"https:\/\/nezsaiotemplom.hu\/#website","url":"https:\/\/nezsaiotemplom.hu\/","name":"A n\u00e9zsai \u00f3templom Hist\u00f3ri\u00e1ja","description":"","potentialAction":[{"@type":"SearchAction","target":{"@type":"EntryPoint","urlTemplate":"https:\/\/nezsaiotemplom.hu\/?s={search_term_string}"},"query-input":{"@type":"PropertyValueSpecification","valueRequired":true,"valueName":"search_term_string"}}],"inLanguage":"hu"},{"@type":"Person","@id":"https:\/\/nezsaiotemplom.hu\/#\/schema\/person\/289262fb29b2509207becfa85561e4dc","name":"admin","image":{"@type":"ImageObject","inLanguage":"hu","@id":"https:\/\/nezsaiotemplom.hu\/#\/schema\/person\/image\/","url":"https:\/\/secure.gravatar.com\/avatar\/5fa87eb97814b646bd652fe61a7a67dcab30b7b77d1c925f91281bd855d06f0e?s=96&d=mm&r=g","contentUrl":"https:\/\/secure.gravatar.com\/avatar\/5fa87eb97814b646bd652fe61a7a67dcab30b7b77d1c925f91281bd855d06f0e?s=96&d=mm&r=g","caption":"admin"},"sameAs":["https:\/\/nezsaiotemplom.hu"],"url":"https:\/\/nezsaiotemplom.hu\/index.php\/author\/esem\/"}]}},"_links":{"self":[{"href":"https:\/\/nezsaiotemplom.hu\/index.php\/wp-json\/wp\/v2\/posts\/342","targetHints":{"allow":["GET"]}}],"collection":[{"href":"https:\/\/nezsaiotemplom.hu\/index.php\/wp-json\/wp\/v2\/posts"}],"about":[{"href":"https:\/\/nezsaiotemplom.hu\/index.php\/wp-json\/wp\/v2\/types\/post"}],"author":[{"embeddable":true,"href":"https:\/\/nezsaiotemplom.hu\/index.php\/wp-json\/wp\/v2\/users\/1"}],"replies":[{"embeddable":true,"href":"https:\/\/nezsaiotemplom.hu\/index.php\/wp-json\/wp\/v2\/comments?post=342"}],"version-history":[{"count":3,"href":"https:\/\/nezsaiotemplom.hu\/index.php\/wp-json\/wp\/v2\/posts\/342\/revisions"}],"predecessor-version":[{"id":738,"href":"https:\/\/nezsaiotemplom.hu\/index.php\/wp-json\/wp\/v2\/posts\/342\/revisions\/738"}],"wp:featuredmedia":[{"embeddable":true,"href":"https:\/\/nezsaiotemplom.hu\/index.php\/wp-json\/wp\/v2\/media\/348"}],"wp:attachment":[{"href":"https:\/\/nezsaiotemplom.hu\/index.php\/wp-json\/wp\/v2\/media?parent=342"}],"wp:term":[{"taxonomy":"category","embeddable":true,"href":"https:\/\/nezsaiotemplom.hu\/index.php\/wp-json\/wp\/v2\/categories?post=342"},{"taxonomy":"post_tag","embeddable":true,"href":"https:\/\/nezsaiotemplom.hu\/index.php\/wp-json\/wp\/v2\/tags?post=342"}],"curies":[{"name":"wp","href":"https:\/\/api.w.org\/{rel}","templated":true}]}}