{"id":614,"date":"2024-06-05T20:26:40","date_gmt":"2024-06-05T20:26:40","guid":{"rendered":"https:\/\/nezsaiotemplom.hu\/?p=614"},"modified":"2025-04-25T18:46:17","modified_gmt":"2025-04-25T18:46:17","slug":"imadott-romantikus-tevhiteink-megjegyzes-a-nezsai-szenttisztelet-cseppet-sem-csalodast-kelto-tortenetehez-es-hogy-miert-torolnem-a-honlapot","status":"publish","type":"post","link":"https:\/\/nezsaiotemplom.hu\/index.php\/2024\/06\/05\/imadott-romantikus-tevhiteink-megjegyzes-a-nezsai-szenttisztelet-cseppet-sem-csalodast-kelto-tortenetehez-es-hogy-miert-torolnem-a-honlapot\/","title":{"rendered":"Im\u00e1dott, romantikus t\u00e9vhiteink \u2013 Megjegyz\u00e9s a n\u00e9zsai szenttisztelet cseppet sem csal\u00f3d\u00e1st kelt\u0151 t\u00f6rt\u00e9net\u00e9hez, \u00e9s hogy mi\u00e9rt t\u00f6r\u00f6ln\u00e9m a honlapot"},"content":{"rendered":"\n<p><strong>N\u00e9ha azon gondolkodom, hogy ha siker\u00fcl meg\u00f6regedni \u00e9s \u00e1t kellene adni templomromkutat\u00e1s \u00fcgy\u00e9t b\u00e1rkinek, meg mindent, ami ilyen-olyan m\u00f3don ehhez, vagy N\u00e9zs\u00e1hoz kapcsol\u00f3dik, akkor az hogyan is t\u00f6rt\u00e9nne. Ugyanis a legsz\u00edvesebben nem adn\u00e9k \u00e1t semmit. S\u0151t, minden addig \u00f6sszegy\u0171jt\u00f6tt inform\u00e1ci\u00f3t let\u00f6r\u00f6ln\u00e9k. M\u00e9g a honlapot is. De, b\u00e1rmily fur\u00e1n is hangzott ez, nem gonoszs\u00e1gb\u00f3l. <\/strong><\/p>\n\n\n\n<p>A kutat\u00f3munka ugyanis egy kaland, nyomoz\u00e1s, sz\u00e1mtalan t\u00e9ved\u00e9ssel, ut\u00e1naj\u00e1r\u00e1ssal, besz\u00e9lget\u00e9ssel, f\u00e9lre\u00e9rtett hiedelemmel. Mindez pedig olyan \u00e9lm\u00e9ny, amelyt\u0151l igaz\u00e1b\u00f3l nem fosztan\u00e9k meg senkit, hiszen ett\u0151l v\u00e1lik egy feladat hobbiv\u00e1, kicsit m\u00e1ni\u00e1v\u00e1. Ami nemcsak a kutat\u00f3t, de a munk\u00e1ss\u00e1g\u00e1t k\u00f6vet\u0151ket is meger\u0151s\u00edti a gy\u00f6kereikben, l\u00e9t\u00fck t\u00f6rt\u00e9nelmi jogosults\u00e1g\u00e1ban. \u00c9s ezt a munk\u00e1t id\u0151r\u0151l-id\u0151re \u00fajra el kell v\u00e9gezni.<\/p>\n\n\n\n<h2 class=\"wp-block-heading\">A kutat\u00f3munka v\u00e9rpezsd\u00edt\u0151 zs\u00e1kutc\u00e1i<\/h2>\n\n\n\n<p>Deh\u00e1t, el\u00e9g is a nagy szavakb\u00f3l, hiszen ez a bejegyz\u00e9s a romantik\u00e1r\u00f3l fog sz\u00f3lni, illetve a kutat\u00f3munka hib\u00e1ir\u00f3l. A kutat\u00f3munka v\u00e9rpezsd\u00edt\u0151 zs\u00e1kutc\u00e1ir\u00f3l. Merthogy, vannak a szeretett hiedelmeink, azok az \u0151smes\u00e9k, amelyek r\u00e1vesznek benn\u00fcnket arra, hogy a t\u00f6rt\u00e9nelem fel\u00e9 forduljunk. <\/p>\n\n\n\n<blockquote class=\"wp-block-quote is-layout-flow wp-block-quote-is-layout-flow\">\n<p>Ide tartoznak a titokzatos alagutak, amelyekr\u0151l mindenki hallott m\u00e1r, \u00e9s amelyek \u00e1ll\u00edt\u00f3lag \u00e1tszelik N\u00e9zs\u00e1t az \u00f3templomt\u00f3l a kast\u00e9lyig, \u00e9s vissza. <\/p>\n<\/blockquote>\n\n\n\n<p>Vagy p\u00e9ld\u00e1ul az a felt\u00e9telez\u00e9s, hogy N\u00e9zs\u00e1n a templomos lovagok tartottak fenn ispot\u00e1lyt, vagy legal\u00e1bbis valamif\u00e9le rendh\u00e1zat, ahol zar\u00e1ndokok pihentek meg a Szentf\u00f6ldre indul\u00f3ban, vagy onnan s\u00falyos sebes\u00fcl\u00e9sekkel hazat\u00e9rve. Ut\u00f3bbi felt\u00e9telez\u00e9st pedig csak er\u0151s\u00edtette k\u00e9t t\u00e9ny is. Az egyik, hogy els\u0151re kev\u00e9ss\u00e9 indokolhat\u00f3 m\u00f3don N\u00e9zsa ma is \u00e1ll\u00f3 temploma Szent Jakabnak, a zar\u00e1ndokok v\u00e9d\u0151szentj\u00e9nek van szentelve, m\u00e1rpedig Szent Jakab templomai m\u00e1ig n\u00e9pszer\u0171 m\u00f3don \u00e9ppen a spanyol El Camino n\u00e9pszer\u0171 zar\u00e1ndkot\u00fat egyes \u00e1llom\u00e1sain sorakoznak, m\u00e1sutt viszont nem. A m\u00e1sik, hogy N\u00e9zs\u00e1n jelent\u0151s ereklyeegy\u00fcttes is tal\u00e1lhat\u00f3, amelyben nemcsak Krisztus keresztje, de M\u00e1ria kend\u0151je \u00e9s Szent J\u00f3zsef k\u00f6peny\u00e9nek egy darabja is helyet kapott. Pont olyan t\u00f6rt\u00e9nelmi t\u00e1rgyak, amelyek felcsig\u00e1zz\u00e1k a k\u00e9pzelet\u00fcnket. <\/p>\n\n\n\n<blockquote class=\"wp-block-quote is-layout-flow wp-block-quote-is-layout-flow\">\n<p>Milyen sz\u00e9pen is \u00f6ssze\u00e1ll a sejt\u00e9sekb\u0151l a k\u00e9p, hogy N\u00e9zsa ak\u00e1r a Szentf\u00f6ldre vonul\u00f3 keresztes lovagok \u00e9s zar\u00e1ndokok \u00fatvonal\u00e1nak egy \u00e1llom\u00e1sa lehetett, odafel\u00e9 \u00e9s visszafel\u00e9 is. <\/p>\n<\/blockquote>\n\n\n\n<p>Pl\u00e1ne, hogy templom a Szentf\u00f6lh\u00f6z kapcsol\u00f3d\u00f3 erekly\u00e9ket birtokol, pont olyanokat, amelyeket a keresztesek sz\u00edvesen hagytak h\u00e1tra a zar\u00e1ndok\u00fatvonalak ment\u00e9n.<\/p>\n\n\n\n<h2 class=\"wp-block-heading\">Nem engedj\u00fck el v\u00e9glegesen a mes\u00e9inket<\/h2>\n\n\n\n<p>Persze nem enged\u00fcnk el v\u00e9glegesen semmilyen felt\u00e9telez\u00e9st, hiszen \u00e9ppen ett\u0151l sz\u00e9p ez a kutat\u00f3munka, de az ugyanakkor id\u0151k\u00f6zben kider\u00fclt, hogy N\u00e9zs\u00e1ra j\u00f3val k\u00e9s\u0151bb ker\u00fclt az ereklye, mint a templomos lovagok szentf\u00f6ldi d\u00fal\u00e1s\u00e1nak id\u0151szaka. Volt teh\u00e1t egy romantikus elk\u00e9pzel\u00e9s\u00fcnk, amelyet \u00fajra\u00edrt egy m\u00e1sik. T\u00f6bb bejegyz\u00e9s alkalm\u00e1val is latolgattuk, hib\u00e1san, de a t\u00f6rt\u00e9neti t\u00e9ved\u00e9s minden sz\u00e9ps\u00e9g\u00e9vel egy\u00fctt, a templomos lovagok jelenval\u00f3s\u00e1g\u00e1t a k\u00f6zs\u00e9g\u00fcnkben, m\u00edgnem mindezt f\u00f6lv\u00e1ltotta egy el\u0151ad\u00e1s Jusztin P\u00e9ter j\u00f3volt\u00e1b\u00f3l. <\/p>\n\n\n\n<blockquote class=\"wp-block-quote is-layout-flow wp-block-quote-is-layout-flow\">\n<p>\u00c9s m\u00e9gsem vesz\u00edtett\u00fcnk semmit, hiszen kor\u00e1bbi elk\u00e9pzel\u00e9s\u00fcnket egy \u00fajabb, m\u00e9golyan sz\u00e9p, \u00e9s romantikus t\u00f6rt\u00e9net v\u00e1ltotta fel, amelynek k\u00e9t f\u0151szerepl\u0151je a rendk\u00edv\u00fcl h\u00fclye nev\u0171 &#8211; nem is akartam szebben \u00edrni \u2013 Szirmay Apoll\u00f3nia, \u00e9s hites t\u00e1rsa, Szentiv\u00e1nyi Bonavent\u00fara. <\/p>\n<\/blockquote>\n\n\n\n<h2 class=\"wp-block-heading\">Boni \u00e9s Polli<\/h2>\n\n\n\n<p>E t\u00f6rt\u00e9net k\u00e9t alakja a kor kisnemess\u00e9ge modorosk\u00f3d\u00f3 n\u00e9vad\u00e1si szok\u00e1sainak esett \u00e1ldozatul. Lehettek volna egyr\u00e9szr\u0151l Istv\u00e1nok, L\u00e1szl\u00f3k vagy Andr\u00e1sok, ne adj isten B\u00e9l\u00e1k, m\u00e1s oldalr\u00f3l M\u00e1ri\u00e1k, Margitok, Erzs\u00e9betek vagy \u00e9ppen Ann\u00e1k, a sors \u00e9s a korszellem m\u00e9gis \u00fagy hozta, hogy az egyszer\u0171s\u00e9g kedv\u00e9r\u00e9t csak Polli \u00e9s Boni, a vil\u00e1gt\u00f6rt\u00e9nelem fonal\u00e1nak egy pontj\u00e1n egym\u00e1shoz k\u00f6t\u00f6tt\u00e9k az \u00e9let\u00fcket, \u00e9s m\u00e9g csak fel sem r\u00f3tt\u00e1k egym\u00e1snak, hogy milyen h\u00fclye nev\u00fck van, mert annyira szerett\u00e9k egym\u00e1st. Gyermektelen frigy\u00fck azonban csakhamar trag\u00e9di\u00e1ba torkollt, hiszen az ifj\u00fa Bonavent\u00fara b\u00e1rmilyen sz\u00e9p karrier el\u0151tt is \u00e1llt, idejekor\u00e1n meghalt. \u00d6zvegye, a szeret\u0151 Apoll\u00f3nia viszont nem akart m\u00e1sik t\u00e1rsat. \u00dagy d\u00f6nt\u00f6tt, \u00f6zvegys\u00e9g\u00e9nek \u00e9s szerelm\u00e9nek m\u00e9ly f\u00e1jdalm\u00e1t N\u00e9zsa k\u00f6zs\u00e9g gyarapod\u00e1s\u00e1ra, a hit\u00e9let kiteljes\u00edt\u00e9s\u00e9re ford\u00edtja \u00e1t, h\u00e1tha megeml\u00e9kezik \u00e9s im\u00e1dkozik \u00e9rt\u00fck \u00edgy is az ut\u00f3kor, ha m\u00e1r \u00f6r\u00f6k\u00f6st nem hagynak h\u00e1tra.<\/p>\n\n\n\n<p><\/p>\n\n\n\n<p>Igen, Apoll\u00f3nia j\u00f3volt\u00e1b\u00f3l ker\u00fclt a n\u00e9zsai ereklye is a k\u00f6zs\u00e9g\u00fcnkbe, nem a templomos lovagok hozt\u00e1k. \u00c9s \u00edgy \u00e9p\u00fclt meg a Szent Ann\u00e1r\u00f3l nevezett k\u00e1polna is, aki a gyermektelenek v\u00e9d\u0151szentje. Mindezen t\u00f6rt\u00e9netek N\u00e9zsa szenttisztelet\u00e9nek r\u00e9szei, amelyeket nemr\u00e9giben Jusztin P\u00e9ter lev\u00e9lt\u00e1ros kutat\u00f3 bar\u00e1tunk ismertetett. A tov\u00e1bbiakban r\u00e9szletekben k\u00f6z\u00f6lj\u00fck majd az el\u0151ad\u00e1s\u00e1t, amelyekben Boni \u00e9s Polli t\u00f6rt\u00e9nete mellet harangokr\u00f3l \u00e9s remet\u00e9kr\u0151l is lesz sz\u00f3. <\/p>\n\n\n\n<p>Mindez csak kedvcsin\u00e1l\u00f3 volt a mostani minek\u00fcnk. Mint \u00edrtam is, rem\u00e9lem lesz m\u00e9g m\u00e1s is, aki N\u00e9zsa t\u00f6rt\u00e9net\u00e9vel foglalkozik majd a j\u00f6v\u0151ben, \u00e9s rem\u00e9lem ugyan\u00edgy neki\u00e1ll a felfedez\u00e9snek. De mi most, a mostban megengedhetj\u00fck magunknak, hogy t\u00f6bbet tudjunk. Azt\u00e1n majd mindent t\u00f6rl\u00fcnk az \u00faj nemzed\u00e9k \u00e9rdek\u00e9ben. Hiszen l\u00e9nyeg\u00e9ben mind N\u00e9zsa t\u00f6rt\u00e9nelm\u00e9t \u00edrjuk mik\u00f6zben id\u0151r\u0151l-id\u0151re \u00fajra\u00edrjuk, de sosem mi vagyunk a f\u0151szerepl\u0151k. \u00c9s ett\u0151l lesz mindig is men\u0151 ez az eg\u00e9sz.<\/p>\n","protected":false},"excerpt":{"rendered":"<p>N\u00e9ha azon gondolkodom, hogy ha siker\u00fcl meg\u00f6regedni \u00e9s \u00e1t kellene adni templomromkutat\u00e1s \u00fcgy\u00e9t b\u00e1rkinek, meg mindent, ami ilyen-olyan m\u00f3don ehhez, vagy N\u00e9zs\u00e1hoz kapcsol\u00f3dik, akkor az hogyan is t\u00f6rt\u00e9nne. Ugyanis a legsz\u00edvesebben nem adn\u00e9k \u00e1t semmit. S\u0151t, minden addig \u00f6sszegy\u0171jt\u00f6tt inform\u00e1ci\u00f3t let\u00f6r\u00f6ln\u00e9k. M\u00e9g a honlapot is. De, b\u00e1rmily fur\u00e1n is hangzott ez, nem gonoszs\u00e1gb\u00f3l. A kutat\u00f3munka&#8230;<\/p>\n","protected":false},"author":1,"featured_media":615,"comment_status":"open","ping_status":"open","sticky":false,"template":"","format":"standard","meta":{"_monsterinsights_skip_tracking":false,"_monsterinsights_sitenote_active":false,"_monsterinsights_sitenote_note":"","_monsterinsights_sitenote_category":0,"_uf_show_specific_survey":0,"_uf_disable_surveys":false,"footnotes":""},"categories":[8],"tags":[16,54,56,55],"class_list":["post-614","post","type-post","status-publish","format-standard","has-post-thumbnail","hentry","category-a-kronikas-blogja","tag-nezsa","tag-szentivanyi-bonaventura","tag-szenttisztelet","tag-szirmay-apollonia"],"yoast_head":"<!-- This site is optimized with the Yoast SEO plugin v26.2 - https:\/\/yoast.com\/wordpress\/plugins\/seo\/ -->\n<title>Im\u00e1dott, romantikus t\u00e9vhiteink \u2013 Megjegyz\u00e9s a n\u00e9zsai szenttisztelet cseppet sem csal\u00f3d\u00e1st kelt\u0151 t\u00f6rt\u00e9net\u00e9hez, \u00e9s hogy mi\u00e9rt t\u00f6r\u00f6ln\u00e9m a honlapot - A n\u00e9zsai \u00f3templom Hist\u00f3ri\u00e1ja<\/title>\n<meta name=\"description\" content=\"N\u00e9zsa romantikus eml\u00e9kezete a templomosok jelenl\u00e9t\u00e9t felt\u00e9telezi, de az ereklyeegy\u00fcttes azt pont nem igazolja.\" \/>\n<meta name=\"robots\" content=\"index, follow, max-snippet:-1, max-image-preview:large, max-video-preview:-1\" \/>\n<link rel=\"canonical\" href=\"https:\/\/nezsaiotemplom.hu\/index.php\/2024\/06\/05\/imadott-romantikus-tevhiteink-megjegyzes-a-nezsai-szenttisztelet-cseppet-sem-csalodast-kelto-tortenetehez-es-hogy-miert-torolnem-a-honlapot\/\" \/>\n<meta property=\"og:locale\" content=\"hu_HU\" \/>\n<meta property=\"og:type\" content=\"article\" \/>\n<meta property=\"og:title\" content=\"Im\u00e1dott, romantikus t\u00e9vhiteink \u2013 Megjegyz\u00e9s a n\u00e9zsai szenttisztelet cseppet sem csal\u00f3d\u00e1st kelt\u0151 t\u00f6rt\u00e9net\u00e9hez, \u00e9s hogy mi\u00e9rt t\u00f6r\u00f6ln\u00e9m a honlapot - A n\u00e9zsai \u00f3templom Hist\u00f3ri\u00e1ja\" \/>\n<meta property=\"og:description\" content=\"N\u00e9zsa romantikus eml\u00e9kezete a templomosok jelenl\u00e9t\u00e9t felt\u00e9telezi, de az ereklyeegy\u00fcttes azt pont nem igazolja.\" \/>\n<meta property=\"og:url\" content=\"https:\/\/nezsaiotemplom.hu\/index.php\/2024\/06\/05\/imadott-romantikus-tevhiteink-megjegyzes-a-nezsai-szenttisztelet-cseppet-sem-csalodast-kelto-tortenetehez-es-hogy-miert-torolnem-a-honlapot\/\" \/>\n<meta property=\"og:site_name\" content=\"A n\u00e9zsai \u00f3templom Hist\u00f3ri\u00e1ja\" \/>\n<meta property=\"article:published_time\" content=\"2024-06-05T20:26:40+00:00\" \/>\n<meta property=\"article:modified_time\" content=\"2025-04-25T18:46:17+00:00\" \/>\n<meta property=\"og:image\" content=\"https:\/\/nezsaiotemplom.hu\/wp-content\/uploads\/2024\/06\/szentivanyi.jpg\" \/>\n\t<meta property=\"og:image:width\" content=\"700\" \/>\n\t<meta property=\"og:image:height\" content=\"444\" \/>\n\t<meta property=\"og:image:type\" content=\"image\/jpeg\" \/>\n<meta name=\"author\" content=\"admin\" \/>\n<meta name=\"twitter:card\" content=\"summary_large_image\" \/>\n<meta name=\"twitter:label1\" content=\"Szerz\u0151:\" \/>\n\t<meta name=\"twitter:data1\" content=\"admin\" \/>\n\t<meta name=\"twitter:label2\" content=\"Becs\u00fclt olvas\u00e1si id\u0151\" \/>\n\t<meta name=\"twitter:data2\" content=\"4 perc\" \/>\n<script type=\"application\/ld+json\" class=\"yoast-schema-graph\">{\"@context\":\"https:\/\/schema.org\",\"@graph\":[{\"@type\":\"WebPage\",\"@id\":\"https:\/\/nezsaiotemplom.hu\/index.php\/2024\/06\/05\/imadott-romantikus-tevhiteink-megjegyzes-a-nezsai-szenttisztelet-cseppet-sem-csalodast-kelto-tortenetehez-es-hogy-miert-torolnem-a-honlapot\/\",\"url\":\"https:\/\/nezsaiotemplom.hu\/index.php\/2024\/06\/05\/imadott-romantikus-tevhiteink-megjegyzes-a-nezsai-szenttisztelet-cseppet-sem-csalodast-kelto-tortenetehez-es-hogy-miert-torolnem-a-honlapot\/\",\"name\":\"Im\u00e1dott, romantikus t\u00e9vhiteink \u2013 Megjegyz\u00e9s a n\u00e9zsai szenttisztelet cseppet sem csal\u00f3d\u00e1st kelt\u0151 t\u00f6rt\u00e9net\u00e9hez, \u00e9s hogy mi\u00e9rt t\u00f6r\u00f6ln\u00e9m a honlapot - A n\u00e9zsai \u00f3templom Hist\u00f3ri\u00e1ja\",\"isPartOf\":{\"@id\":\"https:\/\/nezsaiotemplom.hu\/#website\"},\"primaryImageOfPage\":{\"@id\":\"https:\/\/nezsaiotemplom.hu\/index.php\/2024\/06\/05\/imadott-romantikus-tevhiteink-megjegyzes-a-nezsai-szenttisztelet-cseppet-sem-csalodast-kelto-tortenetehez-es-hogy-miert-torolnem-a-honlapot\/#primaryimage\"},\"image\":{\"@id\":\"https:\/\/nezsaiotemplom.hu\/index.php\/2024\/06\/05\/imadott-romantikus-tevhiteink-megjegyzes-a-nezsai-szenttisztelet-cseppet-sem-csalodast-kelto-tortenetehez-es-hogy-miert-torolnem-a-honlapot\/#primaryimage\"},\"thumbnailUrl\":\"https:\/\/nezsaiotemplom.hu\/wp-content\/uploads\/2024\/06\/szentivanyi.jpg\",\"datePublished\":\"2024-06-05T20:26:40+00:00\",\"dateModified\":\"2025-04-25T18:46:17+00:00\",\"author\":{\"@id\":\"https:\/\/nezsaiotemplom.hu\/#\/schema\/person\/289262fb29b2509207becfa85561e4dc\"},\"description\":\"N\u00e9zsa romantikus eml\u00e9kezete a templomosok jelenl\u00e9t\u00e9t felt\u00e9telezi, de az ereklyeegy\u00fcttes azt pont nem igazolja.\",\"breadcrumb\":{\"@id\":\"https:\/\/nezsaiotemplom.hu\/index.php\/2024\/06\/05\/imadott-romantikus-tevhiteink-megjegyzes-a-nezsai-szenttisztelet-cseppet-sem-csalodast-kelto-tortenetehez-es-hogy-miert-torolnem-a-honlapot\/#breadcrumb\"},\"inLanguage\":\"hu\",\"potentialAction\":[{\"@type\":\"ReadAction\",\"target\":[\"https:\/\/nezsaiotemplom.hu\/index.php\/2024\/06\/05\/imadott-romantikus-tevhiteink-megjegyzes-a-nezsai-szenttisztelet-cseppet-sem-csalodast-kelto-tortenetehez-es-hogy-miert-torolnem-a-honlapot\/\"]}]},{\"@type\":\"ImageObject\",\"inLanguage\":\"hu\",\"@id\":\"https:\/\/nezsaiotemplom.hu\/index.php\/2024\/06\/05\/imadott-romantikus-tevhiteink-megjegyzes-a-nezsai-szenttisztelet-cseppet-sem-csalodast-kelto-tortenetehez-es-hogy-miert-torolnem-a-honlapot\/#primaryimage\",\"url\":\"https:\/\/nezsaiotemplom.hu\/wp-content\/uploads\/2024\/06\/szentivanyi.jpg\",\"contentUrl\":\"https:\/\/nezsaiotemplom.hu\/wp-content\/uploads\/2024\/06\/szentivanyi.jpg\",\"width\":700,\"height\":444},{\"@type\":\"BreadcrumbList\",\"@id\":\"https:\/\/nezsaiotemplom.hu\/index.php\/2024\/06\/05\/imadott-romantikus-tevhiteink-megjegyzes-a-nezsai-szenttisztelet-cseppet-sem-csalodast-kelto-tortenetehez-es-hogy-miert-torolnem-a-honlapot\/#breadcrumb\",\"itemListElement\":[{\"@type\":\"ListItem\",\"position\":1,\"name\":\"Kezd\u0151lap\",\"item\":\"https:\/\/nezsaiotemplom.hu\/\"},{\"@type\":\"ListItem\",\"position\":2,\"name\":\"Im\u00e1dott, romantikus t\u00e9vhiteink \u2013 Megjegyz\u00e9s a n\u00e9zsai szenttisztelet cseppet sem csal\u00f3d\u00e1st kelt\u0151 t\u00f6rt\u00e9net\u00e9hez, \u00e9s hogy mi\u00e9rt t\u00f6r\u00f6ln\u00e9m a honlapot\"}]},{\"@type\":\"WebSite\",\"@id\":\"https:\/\/nezsaiotemplom.hu\/#website\",\"url\":\"https:\/\/nezsaiotemplom.hu\/\",\"name\":\"A n\u00e9zsai \u00f3templom Hist\u00f3ri\u00e1ja\",\"description\":\"\",\"potentialAction\":[{\"@type\":\"SearchAction\",\"target\":{\"@type\":\"EntryPoint\",\"urlTemplate\":\"https:\/\/nezsaiotemplom.hu\/?s={search_term_string}\"},\"query-input\":{\"@type\":\"PropertyValueSpecification\",\"valueRequired\":true,\"valueName\":\"search_term_string\"}}],\"inLanguage\":\"hu\"},{\"@type\":\"Person\",\"@id\":\"https:\/\/nezsaiotemplom.hu\/#\/schema\/person\/289262fb29b2509207becfa85561e4dc\",\"name\":\"admin\",\"image\":{\"@type\":\"ImageObject\",\"inLanguage\":\"hu\",\"@id\":\"https:\/\/nezsaiotemplom.hu\/#\/schema\/person\/image\/\",\"url\":\"https:\/\/secure.gravatar.com\/avatar\/5fa87eb97814b646bd652fe61a7a67dcab30b7b77d1c925f91281bd855d06f0e?s=96&d=mm&r=g\",\"contentUrl\":\"https:\/\/secure.gravatar.com\/avatar\/5fa87eb97814b646bd652fe61a7a67dcab30b7b77d1c925f91281bd855d06f0e?s=96&d=mm&r=g\",\"caption\":\"admin\"},\"sameAs\":[\"https:\/\/nezsaiotemplom.hu\"],\"url\":\"https:\/\/nezsaiotemplom.hu\/index.php\/author\/esem\/\"}]}<\/script>\n<!-- \/ Yoast SEO plugin. -->","yoast_head_json":{"title":"Im\u00e1dott, romantikus t\u00e9vhiteink \u2013 Megjegyz\u00e9s a n\u00e9zsai szenttisztelet cseppet sem csal\u00f3d\u00e1st kelt\u0151 t\u00f6rt\u00e9net\u00e9hez, \u00e9s hogy mi\u00e9rt t\u00f6r\u00f6ln\u00e9m a honlapot - A n\u00e9zsai \u00f3templom Hist\u00f3ri\u00e1ja","description":"N\u00e9zsa romantikus eml\u00e9kezete a templomosok jelenl\u00e9t\u00e9t felt\u00e9telezi, de az ereklyeegy\u00fcttes azt pont nem igazolja.","robots":{"index":"index","follow":"follow","max-snippet":"max-snippet:-1","max-image-preview":"max-image-preview:large","max-video-preview":"max-video-preview:-1"},"canonical":"https:\/\/nezsaiotemplom.hu\/index.php\/2024\/06\/05\/imadott-romantikus-tevhiteink-megjegyzes-a-nezsai-szenttisztelet-cseppet-sem-csalodast-kelto-tortenetehez-es-hogy-miert-torolnem-a-honlapot\/","og_locale":"hu_HU","og_type":"article","og_title":"Im\u00e1dott, romantikus t\u00e9vhiteink \u2013 Megjegyz\u00e9s a n\u00e9zsai szenttisztelet cseppet sem csal\u00f3d\u00e1st kelt\u0151 t\u00f6rt\u00e9net\u00e9hez, \u00e9s hogy mi\u00e9rt t\u00f6r\u00f6ln\u00e9m a honlapot - A n\u00e9zsai \u00f3templom Hist\u00f3ri\u00e1ja","og_description":"N\u00e9zsa romantikus eml\u00e9kezete a templomosok jelenl\u00e9t\u00e9t felt\u00e9telezi, de az ereklyeegy\u00fcttes azt pont nem igazolja.","og_url":"https:\/\/nezsaiotemplom.hu\/index.php\/2024\/06\/05\/imadott-romantikus-tevhiteink-megjegyzes-a-nezsai-szenttisztelet-cseppet-sem-csalodast-kelto-tortenetehez-es-hogy-miert-torolnem-a-honlapot\/","og_site_name":"A n\u00e9zsai \u00f3templom Hist\u00f3ri\u00e1ja","article_published_time":"2024-06-05T20:26:40+00:00","article_modified_time":"2025-04-25T18:46:17+00:00","og_image":[{"width":700,"height":444,"url":"https:\/\/nezsaiotemplom.hu\/wp-content\/uploads\/2024\/06\/szentivanyi.jpg","type":"image\/jpeg"}],"author":"admin","twitter_card":"summary_large_image","twitter_misc":{"Szerz\u0151:":"admin","Becs\u00fclt olvas\u00e1si id\u0151":"4 perc"},"schema":{"@context":"https:\/\/schema.org","@graph":[{"@type":"WebPage","@id":"https:\/\/nezsaiotemplom.hu\/index.php\/2024\/06\/05\/imadott-romantikus-tevhiteink-megjegyzes-a-nezsai-szenttisztelet-cseppet-sem-csalodast-kelto-tortenetehez-es-hogy-miert-torolnem-a-honlapot\/","url":"https:\/\/nezsaiotemplom.hu\/index.php\/2024\/06\/05\/imadott-romantikus-tevhiteink-megjegyzes-a-nezsai-szenttisztelet-cseppet-sem-csalodast-kelto-tortenetehez-es-hogy-miert-torolnem-a-honlapot\/","name":"Im\u00e1dott, romantikus t\u00e9vhiteink \u2013 Megjegyz\u00e9s a n\u00e9zsai szenttisztelet cseppet sem csal\u00f3d\u00e1st kelt\u0151 t\u00f6rt\u00e9net\u00e9hez, \u00e9s hogy mi\u00e9rt t\u00f6r\u00f6ln\u00e9m a honlapot - A n\u00e9zsai \u00f3templom Hist\u00f3ri\u00e1ja","isPartOf":{"@id":"https:\/\/nezsaiotemplom.hu\/#website"},"primaryImageOfPage":{"@id":"https:\/\/nezsaiotemplom.hu\/index.php\/2024\/06\/05\/imadott-romantikus-tevhiteink-megjegyzes-a-nezsai-szenttisztelet-cseppet-sem-csalodast-kelto-tortenetehez-es-hogy-miert-torolnem-a-honlapot\/#primaryimage"},"image":{"@id":"https:\/\/nezsaiotemplom.hu\/index.php\/2024\/06\/05\/imadott-romantikus-tevhiteink-megjegyzes-a-nezsai-szenttisztelet-cseppet-sem-csalodast-kelto-tortenetehez-es-hogy-miert-torolnem-a-honlapot\/#primaryimage"},"thumbnailUrl":"https:\/\/nezsaiotemplom.hu\/wp-content\/uploads\/2024\/06\/szentivanyi.jpg","datePublished":"2024-06-05T20:26:40+00:00","dateModified":"2025-04-25T18:46:17+00:00","author":{"@id":"https:\/\/nezsaiotemplom.hu\/#\/schema\/person\/289262fb29b2509207becfa85561e4dc"},"description":"N\u00e9zsa romantikus eml\u00e9kezete a templomosok jelenl\u00e9t\u00e9t felt\u00e9telezi, de az ereklyeegy\u00fcttes azt pont nem igazolja.","breadcrumb":{"@id":"https:\/\/nezsaiotemplom.hu\/index.php\/2024\/06\/05\/imadott-romantikus-tevhiteink-megjegyzes-a-nezsai-szenttisztelet-cseppet-sem-csalodast-kelto-tortenetehez-es-hogy-miert-torolnem-a-honlapot\/#breadcrumb"},"inLanguage":"hu","potentialAction":[{"@type":"ReadAction","target":["https:\/\/nezsaiotemplom.hu\/index.php\/2024\/06\/05\/imadott-romantikus-tevhiteink-megjegyzes-a-nezsai-szenttisztelet-cseppet-sem-csalodast-kelto-tortenetehez-es-hogy-miert-torolnem-a-honlapot\/"]}]},{"@type":"ImageObject","inLanguage":"hu","@id":"https:\/\/nezsaiotemplom.hu\/index.php\/2024\/06\/05\/imadott-romantikus-tevhiteink-megjegyzes-a-nezsai-szenttisztelet-cseppet-sem-csalodast-kelto-tortenetehez-es-hogy-miert-torolnem-a-honlapot\/#primaryimage","url":"https:\/\/nezsaiotemplom.hu\/wp-content\/uploads\/2024\/06\/szentivanyi.jpg","contentUrl":"https:\/\/nezsaiotemplom.hu\/wp-content\/uploads\/2024\/06\/szentivanyi.jpg","width":700,"height":444},{"@type":"BreadcrumbList","@id":"https:\/\/nezsaiotemplom.hu\/index.php\/2024\/06\/05\/imadott-romantikus-tevhiteink-megjegyzes-a-nezsai-szenttisztelet-cseppet-sem-csalodast-kelto-tortenetehez-es-hogy-miert-torolnem-a-honlapot\/#breadcrumb","itemListElement":[{"@type":"ListItem","position":1,"name":"Kezd\u0151lap","item":"https:\/\/nezsaiotemplom.hu\/"},{"@type":"ListItem","position":2,"name":"Im\u00e1dott, romantikus t\u00e9vhiteink \u2013 Megjegyz\u00e9s a n\u00e9zsai szenttisztelet cseppet sem csal\u00f3d\u00e1st kelt\u0151 t\u00f6rt\u00e9net\u00e9hez, \u00e9s hogy mi\u00e9rt t\u00f6r\u00f6ln\u00e9m a honlapot"}]},{"@type":"WebSite","@id":"https:\/\/nezsaiotemplom.hu\/#website","url":"https:\/\/nezsaiotemplom.hu\/","name":"A n\u00e9zsai \u00f3templom Hist\u00f3ri\u00e1ja","description":"","potentialAction":[{"@type":"SearchAction","target":{"@type":"EntryPoint","urlTemplate":"https:\/\/nezsaiotemplom.hu\/?s={search_term_string}"},"query-input":{"@type":"PropertyValueSpecification","valueRequired":true,"valueName":"search_term_string"}}],"inLanguage":"hu"},{"@type":"Person","@id":"https:\/\/nezsaiotemplom.hu\/#\/schema\/person\/289262fb29b2509207becfa85561e4dc","name":"admin","image":{"@type":"ImageObject","inLanguage":"hu","@id":"https:\/\/nezsaiotemplom.hu\/#\/schema\/person\/image\/","url":"https:\/\/secure.gravatar.com\/avatar\/5fa87eb97814b646bd652fe61a7a67dcab30b7b77d1c925f91281bd855d06f0e?s=96&d=mm&r=g","contentUrl":"https:\/\/secure.gravatar.com\/avatar\/5fa87eb97814b646bd652fe61a7a67dcab30b7b77d1c925f91281bd855d06f0e?s=96&d=mm&r=g","caption":"admin"},"sameAs":["https:\/\/nezsaiotemplom.hu"],"url":"https:\/\/nezsaiotemplom.hu\/index.php\/author\/esem\/"}]}},"_links":{"self":[{"href":"https:\/\/nezsaiotemplom.hu\/index.php\/wp-json\/wp\/v2\/posts\/614","targetHints":{"allow":["GET"]}}],"collection":[{"href":"https:\/\/nezsaiotemplom.hu\/index.php\/wp-json\/wp\/v2\/posts"}],"about":[{"href":"https:\/\/nezsaiotemplom.hu\/index.php\/wp-json\/wp\/v2\/types\/post"}],"author":[{"embeddable":true,"href":"https:\/\/nezsaiotemplom.hu\/index.php\/wp-json\/wp\/v2\/users\/1"}],"replies":[{"embeddable":true,"href":"https:\/\/nezsaiotemplom.hu\/index.php\/wp-json\/wp\/v2\/comments?post=614"}],"version-history":[{"count":3,"href":"https:\/\/nezsaiotemplom.hu\/index.php\/wp-json\/wp\/v2\/posts\/614\/revisions"}],"predecessor-version":[{"id":682,"href":"https:\/\/nezsaiotemplom.hu\/index.php\/wp-json\/wp\/v2\/posts\/614\/revisions\/682"}],"wp:featuredmedia":[{"embeddable":true,"href":"https:\/\/nezsaiotemplom.hu\/index.php\/wp-json\/wp\/v2\/media\/615"}],"wp:attachment":[{"href":"https:\/\/nezsaiotemplom.hu\/index.php\/wp-json\/wp\/v2\/media?parent=614"}],"wp:term":[{"taxonomy":"category","embeddable":true,"href":"https:\/\/nezsaiotemplom.hu\/index.php\/wp-json\/wp\/v2\/categories?post=614"},{"taxonomy":"post_tag","embeddable":true,"href":"https:\/\/nezsaiotemplom.hu\/index.php\/wp-json\/wp\/v2\/tags?post=614"}],"curies":[{"name":"wp","href":"https:\/\/api.w.org\/{rel}","templated":true}]}}