{"id":938,"date":"2025-11-19T21:21:59","date_gmt":"2025-11-19T21:21:59","guid":{"rendered":"https:\/\/nezsaiotemplom.hu\/?p=938"},"modified":"2025-11-19T21:22:00","modified_gmt":"2025-11-19T21:22:00","slug":"nezsa-bulvar-pupos-leany-penznyeremeny","status":"publish","type":"post","link":"https:\/\/nezsaiotemplom.hu\/index.php\/2025\/11\/19\/nezsa-bulvar-pupos-leany-penznyeremeny\/","title":{"rendered":"A szeg\u00e9ny, p\u00fapos n\u00e9zsai varr\u00f3le\u00e1ny tragikus szerencs\u00e9je \u2013 N\u00e9zsa a bulv\u00e1rh\u00edrekben II."},"content":{"rendered":"\n<h3 class=\"wp-block-heading\">A bulv\u00e1rsajt\u00f3 szeml\u00e9j\u00e9b\u0151l ez\u00fattal egy k\u00f6nnyedebb t\u00e9m\u00e1t v\u00e1lasztottam. <a href=\"https:\/\/nezsaiotemplom.hu\/index.php\/2025\/11\/15\/bulvar-nezsa-sajto-csecsemo\/\" target=\"_blank\" rel=\"noreferrer noopener\">A kitett csecsem\u0151 trag\u00e9di\u00e1j\u00e1t<\/a> &#8211; amelyr\u0151l a kor\u00e1bbi bejegyz\u00e9s mes\u00e9lt &#8211; , szerettem volna kicsit feloldani. B\u00e1r az is igaz, hogy a bulv\u00e1r id\u0151tlen\u00fcl n\u00e9pszer\u0171 m\u0171faj, eddig tal\u00e1n a legt\u00f6bben a tragikus esetr\u0151l sz\u00f3l\u00f3 a cikket olvast\u00e1k az oldalunkon. B\u00edzom benne, az al\u00e1bbi h\u00edr m\u00e9g n\u00e9pszer\u0171bb lesz. Hiszen itt lesz sz\u00f3 szerencs\u00e9tlen, p\u00fapos l\u00e1nyr\u00f3l, \u00f3ri\u00e1si p\u00e9nznyerem\u00e9nyr\u0151l, szerelemr\u0151l \u00e9s csal\u00f3d\u00e1sr\u00f3l, csalfa f\u00e9rfir\u00f3l, aki v\u00e9g\u00fcl elnyerte m\u00e9lt\u00f3 b\u00fcntet\u00e9s\u00e9t.<\/h3>\n\n\n\n<p>Tal\u00e1n csak k\u00e9t szempontot eml\u00edten\u00e9k el\u00f6lj\u00e1r\u00f3ban a sajt\u00f3szemle el\u0151tt. El\u0151sz\u00f6r is, hogy val\u00f3j\u00e1ban ez egy b\u0171n\u00fcgyi h\u00edr, amelyet feltehet\u0151en a v\u00e1dirat alapj\u00e1n szell\u0151ztetett meg a korabeli sajt\u00f3, \u00e9s vette \u00e1t k\u00fcl\u00f6nb\u00f6z\u0151 hangnemben. Ez m\u00e1ig gyakorlat ugyan a sajt\u00f3ban, de korunkban kev\u00e9sb\u00e9 jellemz\u0151 az ilyen reg\u00e9nyes k\u00f6r\u00edt\u00e9s. A m\u00e1sik szempont \u00e9ppen ehhez kapcsol\u00f3dik. Eset\u00fcnkben a vid\u00e9k magyars\u00e1ga a maga naivit\u00e1s\u00e1ban jelenik meg, kiszolg\u00e1ltatva a rafin\u00e1lt v\u00e1rosi gazembereknek. \u00c1rva, cs\u00fanya, p\u00fapos, szerelemre, boldogs\u00e1gra v\u00e1r\u00f3 vid\u00e9ki le\u00e1ny \u2013 kontra a f\u0151v\u00e1ros z\u00fcll\u00f6tt fiatalember\u00e9nek csal\u00e1rds\u00e1ga. Filmre, reg\u00e9nyekbe k\u00edv\u00e1nkoz\u00f3, egy\u00fattal hiteles sztori.<\/p>\n\n\n\n<figure class=\"wp-block-image size-full\"><img loading=\"lazy\" decoding=\"async\" width=\"900\" height=\"393\" src=\"https:\/\/nezsaiotemplom.hu\/wp-content\/uploads\/2025\/11\/verka_tragediaja2.jpg\" alt=\"\" class=\"wp-image-940\" srcset=\"https:\/\/nezsaiotemplom.hu\/wp-content\/uploads\/2025\/11\/verka_tragediaja2.jpg 900w, https:\/\/nezsaiotemplom.hu\/wp-content\/uploads\/2025\/11\/verka_tragediaja2-300x131.jpg 300w, https:\/\/nezsaiotemplom.hu\/wp-content\/uploads\/2025\/11\/verka_tragediaja2-768x335.jpg 768w\" sizes=\"auto, (max-width: 900px) 100vw, 900px\" \/><figcaption class=\"wp-element-caption\"><em>A Mai Nap besz\u00e1mol\u00f3ja<\/em><\/figcaption><\/figure>\n\n\n\n<p><strong>Ma persze elk\u00e9pzelhetetlen lenne ilyen hangs\u00falyosan \u00e9s m\u00e9ltatlanul kiemelni egy n\u0151 esend\u0151s\u00e9g\u00e9t. \u00c9s ennek a posztnak sem c\u00e9lja ism\u00e9telten megal\u00e1zni a t\u00f6rt\u00e9net szerepl\u0151it. R\u00f6gz\u00edts\u00fck, hogy a korban ez belef\u00e9rt. Mostans\u00e1g tal\u00e1n m\u00e1r kev\u00e9sb\u00e9. Mindenesetre, ha van eml\u00e9kezete \u00e9ppen ennek az esetnek, \u00fagy ez\u00fattal is k\u00e9rlek benneteket, kommentelj\u00e9tek a cikk al\u00e1.<\/strong><\/p>\n\n\n\n<h2 class=\"wp-block-heading\">ELPEZSG\u0150ZTE BRAUN \u00daR A KIS VERKA SZERENCS\u00c9J\u00c9T \u2013 Esti \u00dajs\u00e1g, 1937. m\u00e1rcius 7., 54. sz\u00e1m<\/h2>\n\n\n\n<p>M\u00e1sf\u00e9l \u00e9vi b\u00f6rt\u00f6nnel fizette ki az \u201eel\u0151kel\u0151 fiatalember\u201c a mulat\u00f3i \u201ecehhet\u201c<\/p>\n\n\n\n<p>N\u00e9zsa k\u00f6rny\u00e9k\u00e9n, a n\u00f3gr\u00e1di hegyek k\u00f6z\u00f6tt, egy eldugott kis faluban \u00e9lt nagy mag\u00e1nyoss\u00e1gban, \u00e1rv\u00e1n, egyed\u00fclval\u00f3an Nagy Veronka, a falu tizennyolc esztend\u0151s, p\u00fapos varr\u00f3n\u0151je. Cs\u00faf volt szeg\u00e9ny. Az \u00e9lete z\u00f6kken\u0151 n\u00e9lk\u00fcl val\u00f3 volt, amilyen jobb\u00e1ra minden falusi n\u0151\u00e9. J\u00f6tt a\u00a0vas\u00e1rnap, m\u00falott a h\u00e9tk\u00f6znap, egy nap azut\u00e1n olyan h\u00edrr tett szert Nagy Veronka, vagy ahogy a falusiak ismert\u00e9k: a Verka, amely l\u00e1zba hozta a kis n\u00f3gr\u00e1dmegyei falu minden \u00e9pk\u00e9zl\u00e1b ember\u00e9t.<\/p>\n\n\n\n<p>Terjedt a h\u00edr sz\u00e1jr\u00f3l-sz\u00e1jra:<\/p>\n\n\n\n<blockquote class=\"wp-block-quote is-layout-flow wp-block-quote-is-layout-flow\">\n<p>Tizen\u00f6tezer peng\u0151<\/p>\n<\/blockquote>\n\n\n\n<p><em>Nagy<\/em> Verka, a falu varr\u00f3n\u0151je \u00f6zvegy Vermes Boldizs\u00e1rn\u00e9val egy\u00fctt tizen\u00f6tezer peng\u0151t nyert az oszt\u00e1lysorsj\u00e1t\u00e9kon. Irigyelt\u00e9k is a k\u00e9t n\u0151t, mint ahogy ez m\u00e1r ilyenkor szok\u00e1s. A nagy irigys\u00e9gnek azut\u00e1n k\u00e1r\u00f6rvend\u00e9s lett a v\u00e9ge. Nevetett mindenki, aki el\u0151bb m\u00e9g irigykedve gondolt Verka, meg az \u00f6zvegyasszony szerencs\u00e9j\u00e9re, amikor kitud\u00f3dott, hogy a kis p\u00fapos le\u00e1ny hinni mert egy f\u00e9rfinek \u00e9s hogy ennek lett az \u00f6zvegyasszonnyal egy\u00fctt az \u00e1ldozata. A t\u00f6bbit m\u00e1r a rend\u0151rs\u00e9gen, az \u00fcgy\u00e9szs\u00e9gen felvett akt\u00e1k, a b\u00edr\u00f3s\u00e1gok el\u0151tt kihallgatott tan\u00favallom\u00e1sokr\u00f3l felvett jegyz\u0151k\u00f6nyvek mondj\u00e1k el. A rideg, hivatalos hangon felvett jegyz\u0151k\u00f6nyvekb\u0151l s az\u00f3ta meghozott b\u00edr\u00f3i \u00edt\u00e9letb\u0151l kider\u00fcl, hogy Nagy Veronka \u00e9s \u00f6zvegy VermesBoldizs\u00e1rn\u00e9 tizen\u00f6tezer peng\u0151s szerencs\u00e9je volt a szerencs\u00e9tlens\u00e9g\u00fck.<\/p>\n\n\n\n<h2 class=\"wp-block-heading\">Beliczay \u00far<\/h2>\n\n\n\n<p>Az \u00fcgy\u00e9szi v\u00e1dirat szerint m\u00falt \u00e9v febru\u00e1rj\u00e1ban felt\u0171nt a kis p\u00fapos l\u00e1ny faluj\u00e1ban egy j\u00f3 megjelen\u00e9s\u0171 fiatalember, aki adott \u00e9s vett. Neki mindegy volt. P\u00e9nzt akart keresni. V\u00e9gigj\u00e1rta a falu valamennyi h\u00e1z\u00e1t, m\u00edg v\u00e9g\u00fcl is eljutott Nagy Veronk\u00e1hoz, a kis varr\u00f3n\u0151h\u00f6z. Besz\u00e9lgetni kezdtek. A fiatalember p\u00e1r napig m\u00e9g a faluban maradt, legal\u00e1bbis addig, am\u00edg meg nem tudta, hogy Nagy Veronk\u00e1nak \u00f6zv. Vermes Boldizs\u00e1rn\u00e9val egy\u00fctt k\u00f6z\u00f6sen v\u00e1s\u00e1rolt sorsjegye van \u00e9s hogy a sorsjegyet kih\u00fazt\u00e1k. <em>K\u00e1r maguknak Pestre j\u00f6nni <\/em>\u2014 mondotta a k\u00e9t n\u0151nek a fiatalember \u2014 <em>\u00e9n \u00fagyis nemsok\u00e1ra visszautazok Budapestre s akkor elint\u00e9zem a sorsjegy\u00fck sors\u00e1t.<\/em><\/p>\n\n\n\n<p>\u00d6zv. Vermes Boldizs\u00e1rn\u00e9 \u00f3vatos volt. \u0150 volt az id\u0151sebb, a tapasztaltabb. Verka azonban hitt a fiatalember szav\u00e1nak, k\u00fcl\u00f6n\u00f6sen azut\u00e1n, hogy burkolt form\u00e1ban tudt\u00e1ra adta, tetszik neki a kis p\u00fapos l\u00e1ny \u00e9s hogy feles\u00e9g\u00fcl akarja venni. A 15.000 peng\u0151 \u00e9rt\u00e9k\u0171 sorsjegy a fiatalember kez\u00e9be ker\u00fclt, aki annakidej\u00e9n az el\u0151kel\u0151 Beliczay Iv\u00e1n n\u00e9ven mutatkozott be a n\u0151knek. A sorsjegy \u00e1tad\u00e1sa ut\u00e1n a fiatalember elt\u0171nt a falub\u00f3l. A\u00a0 k\u00e9t n\u0151 v\u00e1rt napokon kereszt\u00fcl s amikor nyilv\u00e1nval\u00f3v\u00e1 v\u00e1lt, hogy sz\u00e9lh\u00e1mos \u00e1ldozataiv\u00e1 lettek, Budapestre utaztak. Itt dr. Altorjay S\u00e1ndor \u00fcgyv\u00e9d \u00fatj\u00e1n ismeretlen tettes ellen b\u0171nv\u00e1di feljelent\u00e9st tettek a rend\u0151rs\u00e9gen.<\/p>\n\n\n\n<h2 class=\"wp-block-heading\">Braun \u00far m\u00e1sf\u00e9l \u00e9ve<\/h2>\n\n\n\n<p>Megindult a nyomoz\u00e1s. A rend\u0151rs\u00e9g hamarosan meg\u00e1llap\u00edtotta, hogy az el\u0151kel\u0151 hangz\u00e1s\u00fa \u00e9s megjelen\u00e9s\u0171 \u00far Braun Ign\u00e1c \u00fcgyn\u00f6k, aki a k\u00e9t hisz\u00e9keny n\u0151t\u0151l a sorsjegyet \u00e1tvette \u00e9s egy h\u00e9tig tart\u00f3 mulatoz\u00e1s ut\u00e1n k\u00fcl\u00f6nb\u00f6z\u0151 b\u00e1rokban t\u00e1ncosn\u0151k t\u00e1rsas\u00e1g\u00e1ban elmulatta Nagy Veronka \u00e9s \u00f6zv. Vermes Boldizs\u00e1rn\u00e9, a k\u00e9t szeg\u00e9ny falusi n\u0151 szerencs\u00e9j\u00e9t.<\/p>\n\n\n\n<p>B\u00edr\u00f3s\u00e1g el\u00e9 ker\u00fclt az \u00fcgy. Els\u0151 fokon Braun Ign\u00e1cot, az \u00fcgyn\u00f6k\u00f6t hath\u00f3napi b\u00f6rt\u00f6nre \u00edt\u00e9lte a b\u00edr\u00f3s\u00e1g. A T\u00e1bla a most megtartott t\u00e1rgyal\u00e1s ut\u00e1n a hath\u00f3napi b\u00f6rt\u00f6nb\u00fcntet\u00e9st m\u00e1sf\u00e9l \u00e9vre emelte fel. S\u00falyosb\u00edt\u00f3 k\u00f6r\u00fclm\u00e9nynek vette, hogy egy hisz\u00e9keny, szeg\u00e9ny p\u00fapos le\u00e1nyt \u00e9s egy \u00f6zvegy asszonyt fosztott ki a sz\u00e9lh\u00e1mos \u00fcgyn\u00f6k az\u00e9rt, hogy a p\u00e9nzt pezsg\u0151re, t\u00e1ncosn\u0151re elk\u00f6ltse. Az \u00edt\u00e9let elhangzott. \u00c9s a szeg\u00e9ny, hisz\u00e9keny, p\u00fapos Nagy Verka, \u00f6zvegy Vermes Boldizs\u00e1rn\u00e9val az\u00f3ta tal\u00e1n m\u00e9g m\u00e9lyebben hajtj\u00e1k fej\u00fcket a kattog\u00f3 varr\u00f3g\u00e9pre, amivel kenyer\u00fcket keresik, hogy \u00e1lmodjanak a szerencs\u00e9r\u0151l. Tal\u00e1n egyszer \u00fajra megl\u00e1togatja \u0151ket\u2026<\/p>\n\n\n\n<h2 class=\"wp-block-heading\">Elpezsg\u0151zte egy szeg\u00e9ny, p\u00fapos varr\u00f3le\u00e1ny 15,000 peng\u0151j\u00e9t \u201eBeliczay Iv\u00e1n pesti \u00far\u201d, akir\u0151l kider\u00fclt, hogy Braun Ign\u00e1c \u00fcgyn\u00f6k &#8211; Mai Nap, 1937 m\u00e1rcius 18., 62. sz\u00e1m<\/h2>\n\n\n\n<p>Egy szeg\u00e9ny p\u00fapos kis varr\u00f3le\u00e1ny v\u00e1ratlan meggazdagod\u00e1s\u00e1nak \u00e9s tragikus, csal\u00f3dott szerelm\u00e9nek reg\u00e9nye foglalkoztatta a budapesti \u00edt\u00e9l\u0151t\u00e1bl\u00e1t, ahol egy soknev\u0171 \u00e9s j\u00f3 megjelen\u00e9s\u0171 pesti sz\u00e9lh\u00e1mos, Braun Ign\u00e1c, alias Beliczay Iv\u00e1n \u00e1llott v\u00e1dlottk\u00e9nt a b\u00edr\u00f3s\u00e1g el\u0151tt. A b\u0171n\u00fcgy iratainak ismertet\u00e9s\u00e9b\u0151l lassan kibontakozott az a gyors, v\u00e1ratlan szerencse \u00e9s gyors, v\u00e1ratlan szerelem, amelynek sebeit tal\u00e1n egy \u00e9leten kereszt\u00fclfogja \u00e9rezni a k\u00e1rosult, a fiatal p\u00fapos kisfalusi varr\u00f3n\u0151, Nagy Veronika.<\/p>\n\n\n\n<p>A n\u00f3gr\u00e1dmegyei N\u00e9zs\u00e1n \u00e9lt egyed\u00fcl, elhagyottan a falu \u00e1rv\u00e1ja, Nagy Veronika, a 18 \u00e9ves kis p\u00fapos varr\u00f3n\u0151, akinek bizony kev\u00e9s \u00f6r\u00f6me volt az \u00e9letben,. Eg\u00e9sz nap csak varrt, k\u00e9sz\u00edtette a m\u00f3dos gazd\u00e1k le\u00e1nyainak kelengy\u00e9it \u00e9s est\u00e9nk\u00e9nt titokban mert csak arr\u00f3l \u00e1lmodozni, hogy egyszer \u0151t is pap el\u00e9 vezetik \u00e9s elrebegheti a boldog\u00edt\u00f3 igent.<\/p>\n\n\n\n<p>Mindenki sajn\u00e1lta a szeg\u00e9ny kis p\u00fapos Veronik\u00e1t a faluban. De a sajn\u00e1lkoz\u00e1s egyszer csak irigys\u00e9gg\u00e9 v\u00e1ltozott, amikor fut\u00f3t\u0171zk\u00e9nt terjedt el a faluban, hogy a kis varr\u00f3n\u0151 a vele egy\u00fctt lak\u00f3 \u00f6zvegy Vermes Boldizs\u00e1rn\u00e9val egy\u00fctt<\/p>\n\n\n\n<blockquote class=\"wp-block-quote is-layout-flow wp-block-quote-is-layout-flow\">\n<p>30.000 peng\u0151t nyert az oszt\u00e1lysorsj\u00e1t\u00e9kon.<\/p>\n<\/blockquote>\n\n\n\n<p>T\u00f6rt\u00e9netesen a faluban j\u00e1rt a sorsh\u00faz\u00e1s napj\u00e1n egy j\u00f3 megjelen\u00e9s\u0171, eleg\u00e1ns pesti \u00far, aki Beliczay Iv\u00e1n n\u00e9ven mutatkozott be. Mindenfel\u00e9 \u00e9s v\u00e1sznakat, selymeket k\u00edn\u00e1lt elad\u00e1sra. \u0150 is meghallotta Nagy Veronika szerencs\u00e9j\u00e9t \u00e9s mikor be\u00e1ll\u00edtott a p\u00fapos kis varr\u00f3n\u0151h\u00f6z, hogy megmutogassa \u00e1ruj\u00e1t, gyors, de heves ostromot int\u00e9zett a falu \u00e1rv\u00e1j\u00e1nak sz\u00edve ellen. Nagy Veronika hitt neki. A fiatalember n\u00e9h\u00e1ny napig a faluban maradt. \u00dagysz\u00f3lv\u00e1n eg\u00e9sz nap a kis varr\u00f3n\u0151 lak\u00e1s\u00e1ban \u00fclt \u00e9s a k\u00e9t boldog sorsjegy-tulajdonost arra igyekezett r\u00e1besz\u00e9lni, hogy ne utazzanak a p\u00e9nz\u00e9rt Pestre. K\u00e1r nekik k\u00f6lteni az \u00fatik\u00f6lts\u00e9gre, majd \u0151 elint\u00e9zi a sorsjegyek sors\u00e1t \u00e9s elk\u00fcldi a p\u00e9nzt. Az \u00f6zvegyasszony nem ment l\u00e9pre, \u0151 id\u0151sebb volt, tapasztaltabb; tudta, hogy nem minden igaz, amit a f\u00e9rfiak mondanak. Nagy Veronika azonban ekkor m\u00e1r szerelmes volt. Az \u00e1ll\u00edt\u00f3lagos Beliczay Iv\u00e1n r\u00f3zs\u00e1s sz\u00ednekkel ecsetelte, hogy milyen boldogok lesznek majd akkor, ha Nagy Veronika felj\u00f6n Budapestre. Megesk\u00fcsznek, k\u00f6z\u00f6sen \u00fczletet nyitnak, \u0151 olcs\u00f3n tud anyagot v\u00e1s\u00e1rolni, a kis varr\u00f3n\u0151 pedig megvarrja a feh\u00e9rnem\u0171eket, amiket a f\u0151v\u00e1rosban sokkal jobban lehet \u00e9rt\u00e9kes\u00edteni, mint a n\u00f3gr\u00e1di hegyek k\u00f6z\u00f6tt.<\/p>\n\n\n\n<p>Szeg\u00e9ny kis szerelmes Nagy Veronika \u00e1tadta a sorsjegy\u00e9t Beliczay Iv\u00e1nnak \u00e9s v\u00e1rt. Az \u00e1ll\u00edt\u00f3lagos Beliczay azonban nem t\u00e9rt vissza a faluba \u00e9s<\/p>\n\n\n\n<blockquote class=\"wp-block-quote is-layout-flow wp-block-quote-is-layout-flow\">\n<p>a kis p\u00fapos varr\u00f3n\u0151 lassan r\u00e1eszm\u00e9lt arra, hogy sz\u00e9lh\u00e1mos \u00e1ldozata lett.<\/p>\n<\/blockquote>\n\n\n\n<p>Nagy Veronika dr. Allorjati S\u00e1ndor \u00fcgyv\u00e9d \u00fatj\u00e1n b\u0171nv\u00e1di feljelent\u00e9st tett az \u00e1ll\u00edt\u00f3lagos Beliczay Iv\u00e1n ellen \u00e9s megindult a rend\u0151ri appar\u00e1tus g\u0151zhengere a ravasz, lelketlen sz\u00e9lh\u00e1mos ellen.<\/p>\n\n\n\n<p>A budapesti f\u0151kapit\u00e1nys\u00e1g detekt\u00edvjei r\u00f6videsen meg\u00e1llap\u00edtott\u00e1k, hogy <em>az el\u0151kel\u0151 hangz\u00e1s\u00fa \u00e9s megjelen\u00e9s\u0171 \u00far val\u00f3di neve nem Beliczay Iv\u00e1n, hanem Braun Ign\u00e1c \u00fcgyn\u00f6k.<\/em> \u00c9<em>s a kicsalt sorsjegyre kapott p\u00e9nzt, 13.000 peng\u0151t hetekig tart\u00f3 mulatoz\u00e1sok sor\u00e1n b\u00e1rokban, t\u00e1ncosn\u0151k t\u00e1rsas\u00e1g\u00e1ban elverte.<\/em> A<em>lig n\u00e9h\u00e1ny sz\u00e1z peng\u0151 volt m\u00e1r csak a zseb\u00e9ben, amikor elfogt\u00e1k a detekt\u00edvek.<\/em><\/p>\n\n\n\n<p>Braun Ign\u00e1cot a t\u00f6rv\u00e9nysz\u00e9k hat h\u00f3napi b\u00f6rt\u00f6nre \u00edt\u00e9lte \u00e9s fellebbez\u00e9s folyt\u00e1n tegnap ker\u00fclt a T\u00e1bla el\u00e9 a ravasz sz\u00e9lh\u00e1mos \u00fcgye. A T\u00e1bla Braun b\u00fcntet\u00e9s\u00e9t m\u00e1sf\u00e9l\u00e9vi b\u00f6rt\u00f6nre emelte fel. Indokol\u00e1s\u00e1ban kimondta a T\u00e1bla, hogy k\u00fcl\u00f6n\u00f6sen s\u00falyosb\u00edt\u00f3 k\u00f6r\u00fclm\u00e9nynek veszi a b\u00edr\u00f3s\u00e1g: egy hisz\u00e9keny, szeg\u00e9ny, fiatal, p\u00fapos le\u00e1nyt fosztott ki a sz\u00e9lh\u00e1mos \u00fcgyn\u00f6k csak az\u00e9rt, hogy a kicsalt p\u00e9nzt pezsg\u0151re, mulatoz\u00e1sra \u00e9s t\u00e1ncosn\u0151kre k\u00f6lthesse. Braun Ign\u00e1cot, miut\u00e1n bejelentett lak\u00e1sa \u00e9s \u00e1lland\u00f3 foglalkoz\u00e1sa nincs, az \u00fcgy\u00e9sz ind\u00edtv\u00e1ny\u00e1ra mindj\u00e1rt le is tart\u00f3ztatt\u00e1k \u00e9s szuronyos fegy\u0151r\u00f6k kis\u00e9rt\u00e9k a Mark\u00f3 utcai fogh\u00e1zba.<\/p>\n\n\n\n<p>A sz\u00e9lh\u00e1mos, csal\u00f3 \u00fcgyn\u00f6k m\u00f6g\u00f6tt becsap\u00f3dott a cellaajt\u00f3. A csal\u00f3dott Nagy Veronika pedig visszautazott kis faluj\u00e1ba ingeket, kelengy\u00e9ket varrni \u00e9s tal\u00e1n \u00f6r\u00f6kre eltemeti azt az \u00e1lmot, hogy egyszer saj\u00e1t esk\u00fcv\u0151j\u00e9re varrjon menyasszonyi ruh\u00e1t.<\/p>\n\n\n\n<h2 class=\"wp-block-heading\">Kis p\u00fapos varr\u00f3n\u0151tragikus szerelme \u2013 V\u00e1ci H\u00edrlap, 1937. m\u00e1rcius 14., 20. sz\u00e1m<\/h2>\n\n\n\n<h3 class=\"wp-block-heading\">15 ezer peng\u0151j\u00e9t fizette r\u00e1<\/h3>\n\n\n\n<p>A n\u00f3gr\u00e1di hegyek k\u00f6z\u00f6tt N\u00e9zs\u00e1n \u00e9lt nagy mag\u00e1nyoss\u00e1gban, \u00e1rv\u00e1n, egyed\u00fclval\u00f3an Nagy Veronika, a falu tizennyolc esztend\u0151s, p\u00fapos varr\u00f3n\u0151je. Cs\u00faf volt szeg\u00e9ny. Az \u00e9lete z\u00f6kken\u0151 n\u00e9lk\u00fcl val\u00f3 volt, amilyen jobb\u00e1ra minden falusi n\u0151\u00e9. J\u00f6tt a vas\u00e1rnap, m\u00falott a h\u00e9tk\u00f6znap. Egy nap azut\u00e1n olyan h\u00edrre tett szert Nagy Veronika, vagy ahogy a falusiak ismert\u00e9k : a Verka, amely l\u00e1zba hozta a kis n\u00f3gr\u00e1dmegyei falu minden \u00e9pk\u00e9zl\u00e1b ember\u00e9t.<\/p>\n\n\n\n<blockquote class=\"wp-block-quote is-layout-flow wp-block-quote-is-layout-flow\">\n<h3 class=\"wp-block-heading\">Terjedt a h\u00edr sz\u00e1jr\u00f3l-sz\u00e1jra: tizen\u00f6tezer peng\u0151.<\/h3>\n<\/blockquote>\n\n\n\n<p>Nagy Verka, a falu varr\u00f3n\u0151je \u00f6zvegy Vermes Boldizs\u00e1rn\u00e9val egy\u00fctt tizen\u00f6tezer peng\u0151t nyert az oszt\u00e1lysorsj\u00e1t\u00e9kon. Irigyelt\u00e9k is a k\u00e9t n\u0151t, mint ahogy ez m\u00e1r ilyenkor szok\u00e1s. A nagy irigys\u00e9gnek azut\u00e1n k\u00e1r\u00f6rvend\u00e9s lett a v\u00e9ge. Nevetett mindenki, aki el\u0151bb m\u00e9g irigykedve gondolt Verk\u00e1ra, meg az \u00f6zvegyasszony szerencs\u00e9j\u00e9re, amikor kitud\u00f3dott, hogy a kis p\u00fapos l\u00e1ny hinni mert egy f\u00e9rfinek \u00e9s hogy ennek lett az \u00f6zvegyasszonnyal egy\u00fctt az \u00e1ldozata. A t\u00f6bbit m\u00e1r a rend\u0151rs\u00e9gen, az \u00fcgy\u00e9szs\u00e9gen felvett akt\u00e1k, a b\u00edr\u00f3s\u00e1gok el\u0151tt kihallgatott tan\u00favallom\u00e1sokr\u00f3l felvett jegyz\u0151k\u00f6nyvek mondj\u00e1k el.<\/p>\n\n\n\n<p>A rideg, hivatalos hangon felvett jegyz\u0151k\u00f6nyvekb\u0151l s meghozott b\u00edr\u00f3i \u00edt\u00e9letb\u0151l az\u00f3ta kider\u00fcl, hogy Nagy Veronika \u00e9s \u00f6zvegy Vermes Boldizs\u00e1rn\u00e9 tizen\u00f6tezer peng\u0151s szerencs\u00e9je volt a szerencs\u00e9tlens\u00e9g\u00fck.<\/p>\n\n\n\n<p>Beliczay \u00far az \u00fcgy\u00e9szi v\u00e1dirat szerint m\u00falt \u00e9v febru\u00e1rj\u00e1ban felt\u0171nt a kis p\u00fapos l\u00e1ny faluj\u00e1ban. Egy j\u00f3 megjelen\u00e9s\u0171 fiatalember, aki adott \u00e9s vett&#8230; Neki mindegy volt&#8230; P\u00e9nzt akart keresni. V\u00e9gigj\u00e1rta a falu valamennyi h\u00e1z\u00e1t, m\u00edg v\u00e9g\u00fcl is eljutott Nagy Veronk\u00e1hoz, a kis varr\u00f3n\u0151h\u00f6z. Besz\u00e9lgetni kezdtek, a fiatalember p\u00e1r napig m\u00e9g a faluban maradt, legal\u00e1bbis addig, am\u00edg meg nem tudta, hogy Nagy Veronk\u00e1nak \u00f6zv. Vermes Boldizs\u00e1rn\u00e9val egy\u00fctt k\u00f6z\u00f6sen v\u00e1s\u00e1rolt sorsjegye van \u00e9s hogy a sorsjegyet kih\u00fazt\u00e1k.<\/p>\n\n\n\n<p>-K\u00e1r maguknak Pestre j\u00f6nni \u2014 mondotta a k\u00e9t n\u0151nek a fiatalember \u2014 \u00e9n \u00fagyis nemsok\u00e1ra visszautazok Budapestre s akkor elint\u00e9zem a sorsjegy\u00fck sors\u00e1t&#8230;<\/p>\n\n\n\n<p>\u00d6zv. Vermes Boldizs\u00e1rn\u00e9 \u00f3vatos volt. \u0150 volt az id\u0151sebb, a tapasztaltabb. Verka azonban hitt a fiatalember szav\u00e1nak. K\u00fcl\u00f6n\u00f6sen azut\u00e1n, hogy burkolt form\u00e1ban tudt\u00e1ra adta, tetszik neki a kis p\u00fapos l\u00e1ny \u00e9s hogy feles\u00e9g\u00fcl akarja venni. A 15.000 peng\u0151 \u00e9rt\u00e9k\u0171 sorsjegy a fiatalember kez\u00e9be ker\u00fclt, aki annakidej\u00e9n az el\u0151kel\u0151 Beliczay Iv\u00e1n n\u00e9ven mutatkozott be a n\u0151knek. A sorsjegy \u00e1tad\u00e1sa ut\u00e1n a fiatalember elt\u0171nt a falub\u00f3l. A k\u00e9t n\u0151 v\u00e1rt napokon kereszt\u00fcl s amikor nyilv\u00e1nval\u00f3v\u00e1 v\u00e1lt, hogy sz\u00e9lh\u00e1mos \u00e1ldozataiv\u00e1 lettek, Budapestre utaztak \u00e9s itt dr. Altorjay S\u00e1ndor \u00fcgyv\u00e9d \u00fatj\u00e1n ismeretlen tettes ellen b\u0171nv\u00e1di feljelent\u00e9st tettek a rend\u0151rs\u00e9gen.<\/p>\n\n\n\n<p>Megindult a nyomoz\u00e1s. A rend\u0151rs\u00e9g hamarosan meg\u00e1llap\u00edtotta, hogy az el\u0151kel\u0151 hangz\u00e1s\u00fa \u00e9s megjelen\u00e9s\u0171 \u00far Braun Ign\u00e1c \u00fcgyn\u00f6k, aki a k\u00e9t hisz\u00e9keny n\u0151t\u0151l a sorsjegyet \u00e1tvette \u00e9s egy h\u00e9tig tart\u00f3 mulatoz\u00e1s ut\u00e1n k\u00fcl\u00f6nb\u00f6z\u0151 b\u00e1rokban t\u00e1ncosn\u0151k t\u00e1rsas\u00e1g\u00e1ban elmulatta Nagy Veronika \u00e9s \u00f6zv. Vermes Boldizs\u00e1rn\u00e9, a k\u00e9t szeg\u00e9ny falusi n\u0151 szerencs\u00e9j\u00e9t.<\/p>\n\n\n\n<p>B\u00edr\u00f3s\u00e1g el\u00e9 ker\u00fclt az \u00fcgy. Els\u0151 fokon Braun Ign\u00e1cot, az \u00fcgyn\u00f6k\u00f6t hath\u00f3napi b\u00f6rt\u00f6nre \u00edt\u00e9lte a b\u00edr\u00f3s\u00e1g. A T\u00e1bla a most megtartott t\u00e1rgyal\u00e1s ut\u00e1n a hath\u00f3napi b\u00f6rt\u00f6nb\u00fcntet\u00e9st m\u00e1sf\u00e9l \u00e9vre emelte fel. S\u00falyosb\u00edt\u00f3 k\u00f6r\u00fclm\u00e9nynek vette, hogy egy hisz\u00e9keny, szeg\u00e9ny p\u00fapos le\u00e1nyt \u00e9s egy \u00f6zvegy asszonyt fosztott ki a sz\u00e9lh\u00e1mos \u00fcgyn\u00f6k az\u00e9rt, hogy a p\u00e9nzt pezsg\u0151re, t\u00e1ncosn\u0151re elk\u00f6ltse. Az \u00edt\u00e9let elhangzott. \u00c9s a szeg\u00e9ny, hisz\u00e9keny, p\u00fapos Nagy Verka, \u00f6zvegy Vermes Boldizs\u00e1rn\u00e9val az\u00f3ta tal\u00e1n m\u00e9g m\u00e9lyebben hajtj\u00e1k fej\u00fcket a kattog\u00f3 varr\u00f3g\u00e9pre, amivel kenyer\u00fcket keresik, hogy \u00e1lmodjanak a szerencs\u00e9r\u0151l. Tal\u00e1n egyszer \u00fajra megl\u00e1togatja \u0151ket&#8230;<\/p>\n","protected":false},"excerpt":{"rendered":"<p>A bulv\u00e1rsajt\u00f3 szeml\u00e9j\u00e9b\u0151l ez\u00fattal egy k\u00f6nnyedebb t\u00e9m\u00e1t v\u00e1lasztottam. A kitett csecsem\u0151 trag\u00e9di\u00e1j\u00e1t &#8211; amelyr\u0151l a kor\u00e1bbi bejegyz\u00e9s mes\u00e9lt &#8211; , szerettem volna kicsit feloldani. B\u00e1r az is igaz, hogy a bulv\u00e1r id\u0151tlen\u00fcl n\u00e9pszer\u0171 m\u0171faj, eddig tal\u00e1n a legt\u00f6bben a tragikus esetr\u0151l sz\u00f3l\u00f3 a cikket olvast\u00e1k az oldalunkon. B\u00edzom benne, az al\u00e1bbi h\u00edr m\u00e9g n\u00e9pszer\u0171bb lesz&#8230;.<\/p>\n","protected":false},"author":1,"featured_media":939,"comment_status":"open","ping_status":"open","sticky":false,"template":"","format":"standard","meta":{"_monsterinsights_skip_tracking":false,"_monsterinsights_sitenote_active":false,"_monsterinsights_sitenote_note":"","_monsterinsights_sitenote_category":0,"_uf_show_specific_survey":0,"_uf_disable_surveys":false,"footnotes":""},"categories":[8],"tags":[114,16,118,116,115],"class_list":["post-938","post","type-post","status-publish","format-standard","has-post-thumbnail","hentry","category-a-kronikas-blogja","tag-bulvar","tag-nezsa","tag-penznyeremeny","tag-sajtoszemle","tag-sajtotortenet"],"yoast_head":"<!-- This site is optimized with the Yoast SEO plugin v26.2 - https:\/\/yoast.com\/wordpress\/plugins\/seo\/ -->\n<title>A szeg\u00e9ny, p\u00fapos n\u00e9zsai varr\u00f3le\u00e1ny tragikus szerencs\u00e9je \u2013 N\u00e9zsa a bulv\u00e1rh\u00edrekben II. - A n\u00e9zsai \u00f3templom Hist\u00f3ri\u00e1ja<\/title>\n<meta name=\"description\" content=\"N\u00e9zsa 1937-ben egy tragikus szerelmi t\u00f6rt\u00e9nettel ker\u00fclt a m\u00e9dia figyelm\u00e9be, amelyben nagy p\u00e9nznyerem\u00e9ny is sz\u00f3ba ker\u00fclt.\" \/>\n<meta name=\"robots\" content=\"index, follow, max-snippet:-1, max-image-preview:large, max-video-preview:-1\" \/>\n<link rel=\"canonical\" href=\"https:\/\/nezsaiotemplom.hu\/index.php\/2025\/11\/19\/nezsa-bulvar-pupos-leany-penznyeremeny\/\" \/>\n<meta property=\"og:locale\" content=\"hu_HU\" \/>\n<meta property=\"og:type\" content=\"article\" \/>\n<meta property=\"og:title\" content=\"A szeg\u00e9ny, p\u00fapos n\u00e9zsai varr\u00f3le\u00e1ny tragikus szerencs\u00e9je \u2013 N\u00e9zsa a bulv\u00e1rh\u00edrekben II. - A n\u00e9zsai \u00f3templom Hist\u00f3ri\u00e1ja\" \/>\n<meta property=\"og:description\" content=\"N\u00e9zsa 1937-ben egy tragikus szerelmi t\u00f6rt\u00e9nettel ker\u00fclt a m\u00e9dia figyelm\u00e9be, amelyben nagy p\u00e9nznyerem\u00e9ny is sz\u00f3ba ker\u00fclt.\" \/>\n<meta property=\"og:url\" content=\"https:\/\/nezsaiotemplom.hu\/index.php\/2025\/11\/19\/nezsa-bulvar-pupos-leany-penznyeremeny\/\" \/>\n<meta property=\"og:site_name\" content=\"A n\u00e9zsai \u00f3templom Hist\u00f3ri\u00e1ja\" \/>\n<meta property=\"article:published_time\" content=\"2025-11-19T21:21:59+00:00\" \/>\n<meta property=\"article:modified_time\" content=\"2025-11-19T21:22:00+00:00\" \/>\n<meta property=\"og:image\" content=\"https:\/\/nezsaiotemplom.hu\/wp-content\/uploads\/2025\/11\/verka_tragediaja.jpg\" \/>\n\t<meta property=\"og:image:width\" content=\"900\" \/>\n\t<meta property=\"og:image:height\" content=\"473\" \/>\n\t<meta property=\"og:image:type\" content=\"image\/jpeg\" \/>\n<meta name=\"author\" content=\"admin\" \/>\n<meta name=\"twitter:card\" content=\"summary_large_image\" \/>\n<meta name=\"twitter:label1\" content=\"Szerz\u0151:\" \/>\n\t<meta name=\"twitter:data1\" content=\"admin\" \/>\n\t<meta name=\"twitter:label2\" content=\"Becs\u00fclt olvas\u00e1si id\u0151\" \/>\n\t<meta name=\"twitter:data2\" content=\"11 perc\" \/>\n<script type=\"application\/ld+json\" class=\"yoast-schema-graph\">{\"@context\":\"https:\/\/schema.org\",\"@graph\":[{\"@type\":\"WebPage\",\"@id\":\"https:\/\/nezsaiotemplom.hu\/index.php\/2025\/11\/19\/nezsa-bulvar-pupos-leany-penznyeremeny\/\",\"url\":\"https:\/\/nezsaiotemplom.hu\/index.php\/2025\/11\/19\/nezsa-bulvar-pupos-leany-penznyeremeny\/\",\"name\":\"A szeg\u00e9ny, p\u00fapos n\u00e9zsai varr\u00f3le\u00e1ny tragikus szerencs\u00e9je \u2013 N\u00e9zsa a bulv\u00e1rh\u00edrekben II. - A n\u00e9zsai \u00f3templom Hist\u00f3ri\u00e1ja\",\"isPartOf\":{\"@id\":\"https:\/\/nezsaiotemplom.hu\/#website\"},\"primaryImageOfPage\":{\"@id\":\"https:\/\/nezsaiotemplom.hu\/index.php\/2025\/11\/19\/nezsa-bulvar-pupos-leany-penznyeremeny\/#primaryimage\"},\"image\":{\"@id\":\"https:\/\/nezsaiotemplom.hu\/index.php\/2025\/11\/19\/nezsa-bulvar-pupos-leany-penznyeremeny\/#primaryimage\"},\"thumbnailUrl\":\"https:\/\/nezsaiotemplom.hu\/wp-content\/uploads\/2025\/11\/verka_tragediaja.jpg\",\"datePublished\":\"2025-11-19T21:21:59+00:00\",\"dateModified\":\"2025-11-19T21:22:00+00:00\",\"author\":{\"@id\":\"https:\/\/nezsaiotemplom.hu\/#\/schema\/person\/289262fb29b2509207becfa85561e4dc\"},\"description\":\"N\u00e9zsa 1937-ben egy tragikus szerelmi t\u00f6rt\u00e9nettel ker\u00fclt a m\u00e9dia figyelm\u00e9be, amelyben nagy p\u00e9nznyerem\u00e9ny is sz\u00f3ba ker\u00fclt.\",\"breadcrumb\":{\"@id\":\"https:\/\/nezsaiotemplom.hu\/index.php\/2025\/11\/19\/nezsa-bulvar-pupos-leany-penznyeremeny\/#breadcrumb\"},\"inLanguage\":\"hu\",\"potentialAction\":[{\"@type\":\"ReadAction\",\"target\":[\"https:\/\/nezsaiotemplom.hu\/index.php\/2025\/11\/19\/nezsa-bulvar-pupos-leany-penznyeremeny\/\"]}]},{\"@type\":\"ImageObject\",\"inLanguage\":\"hu\",\"@id\":\"https:\/\/nezsaiotemplom.hu\/index.php\/2025\/11\/19\/nezsa-bulvar-pupos-leany-penznyeremeny\/#primaryimage\",\"url\":\"https:\/\/nezsaiotemplom.hu\/wp-content\/uploads\/2025\/11\/verka_tragediaja.jpg\",\"contentUrl\":\"https:\/\/nezsaiotemplom.hu\/wp-content\/uploads\/2025\/11\/verka_tragediaja.jpg\",\"width\":900,\"height\":473},{\"@type\":\"BreadcrumbList\",\"@id\":\"https:\/\/nezsaiotemplom.hu\/index.php\/2025\/11\/19\/nezsa-bulvar-pupos-leany-penznyeremeny\/#breadcrumb\",\"itemListElement\":[{\"@type\":\"ListItem\",\"position\":1,\"name\":\"Kezd\u0151lap\",\"item\":\"https:\/\/nezsaiotemplom.hu\/\"},{\"@type\":\"ListItem\",\"position\":2,\"name\":\"A szeg\u00e9ny, p\u00fapos n\u00e9zsai varr\u00f3le\u00e1ny tragikus szerencs\u00e9je \u2013 N\u00e9zsa a bulv\u00e1rh\u00edrekben II.\"}]},{\"@type\":\"WebSite\",\"@id\":\"https:\/\/nezsaiotemplom.hu\/#website\",\"url\":\"https:\/\/nezsaiotemplom.hu\/\",\"name\":\"A n\u00e9zsai \u00f3templom Hist\u00f3ri\u00e1ja\",\"description\":\"\",\"potentialAction\":[{\"@type\":\"SearchAction\",\"target\":{\"@type\":\"EntryPoint\",\"urlTemplate\":\"https:\/\/nezsaiotemplom.hu\/?s={search_term_string}\"},\"query-input\":{\"@type\":\"PropertyValueSpecification\",\"valueRequired\":true,\"valueName\":\"search_term_string\"}}],\"inLanguage\":\"hu\"},{\"@type\":\"Person\",\"@id\":\"https:\/\/nezsaiotemplom.hu\/#\/schema\/person\/289262fb29b2509207becfa85561e4dc\",\"name\":\"admin\",\"image\":{\"@type\":\"ImageObject\",\"inLanguage\":\"hu\",\"@id\":\"https:\/\/nezsaiotemplom.hu\/#\/schema\/person\/image\/\",\"url\":\"https:\/\/secure.gravatar.com\/avatar\/5fa87eb97814b646bd652fe61a7a67dcab30b7b77d1c925f91281bd855d06f0e?s=96&d=mm&r=g\",\"contentUrl\":\"https:\/\/secure.gravatar.com\/avatar\/5fa87eb97814b646bd652fe61a7a67dcab30b7b77d1c925f91281bd855d06f0e?s=96&d=mm&r=g\",\"caption\":\"admin\"},\"sameAs\":[\"https:\/\/nezsaiotemplom.hu\"],\"url\":\"https:\/\/nezsaiotemplom.hu\/index.php\/author\/esem\/\"}]}<\/script>\n<!-- \/ Yoast SEO plugin. -->","yoast_head_json":{"title":"A szeg\u00e9ny, p\u00fapos n\u00e9zsai varr\u00f3le\u00e1ny tragikus szerencs\u00e9je \u2013 N\u00e9zsa a bulv\u00e1rh\u00edrekben II. - A n\u00e9zsai \u00f3templom Hist\u00f3ri\u00e1ja","description":"N\u00e9zsa 1937-ben egy tragikus szerelmi t\u00f6rt\u00e9nettel ker\u00fclt a m\u00e9dia figyelm\u00e9be, amelyben nagy p\u00e9nznyerem\u00e9ny is sz\u00f3ba ker\u00fclt.","robots":{"index":"index","follow":"follow","max-snippet":"max-snippet:-1","max-image-preview":"max-image-preview:large","max-video-preview":"max-video-preview:-1"},"canonical":"https:\/\/nezsaiotemplom.hu\/index.php\/2025\/11\/19\/nezsa-bulvar-pupos-leany-penznyeremeny\/","og_locale":"hu_HU","og_type":"article","og_title":"A szeg\u00e9ny, p\u00fapos n\u00e9zsai varr\u00f3le\u00e1ny tragikus szerencs\u00e9je \u2013 N\u00e9zsa a bulv\u00e1rh\u00edrekben II. - A n\u00e9zsai \u00f3templom Hist\u00f3ri\u00e1ja","og_description":"N\u00e9zsa 1937-ben egy tragikus szerelmi t\u00f6rt\u00e9nettel ker\u00fclt a m\u00e9dia figyelm\u00e9be, amelyben nagy p\u00e9nznyerem\u00e9ny is sz\u00f3ba ker\u00fclt.","og_url":"https:\/\/nezsaiotemplom.hu\/index.php\/2025\/11\/19\/nezsa-bulvar-pupos-leany-penznyeremeny\/","og_site_name":"A n\u00e9zsai \u00f3templom Hist\u00f3ri\u00e1ja","article_published_time":"2025-11-19T21:21:59+00:00","article_modified_time":"2025-11-19T21:22:00+00:00","og_image":[{"width":900,"height":473,"url":"https:\/\/nezsaiotemplom.hu\/wp-content\/uploads\/2025\/11\/verka_tragediaja.jpg","type":"image\/jpeg"}],"author":"admin","twitter_card":"summary_large_image","twitter_misc":{"Szerz\u0151:":"admin","Becs\u00fclt olvas\u00e1si id\u0151":"11 perc"},"schema":{"@context":"https:\/\/schema.org","@graph":[{"@type":"WebPage","@id":"https:\/\/nezsaiotemplom.hu\/index.php\/2025\/11\/19\/nezsa-bulvar-pupos-leany-penznyeremeny\/","url":"https:\/\/nezsaiotemplom.hu\/index.php\/2025\/11\/19\/nezsa-bulvar-pupos-leany-penznyeremeny\/","name":"A szeg\u00e9ny, p\u00fapos n\u00e9zsai varr\u00f3le\u00e1ny tragikus szerencs\u00e9je \u2013 N\u00e9zsa a bulv\u00e1rh\u00edrekben II. - A n\u00e9zsai \u00f3templom Hist\u00f3ri\u00e1ja","isPartOf":{"@id":"https:\/\/nezsaiotemplom.hu\/#website"},"primaryImageOfPage":{"@id":"https:\/\/nezsaiotemplom.hu\/index.php\/2025\/11\/19\/nezsa-bulvar-pupos-leany-penznyeremeny\/#primaryimage"},"image":{"@id":"https:\/\/nezsaiotemplom.hu\/index.php\/2025\/11\/19\/nezsa-bulvar-pupos-leany-penznyeremeny\/#primaryimage"},"thumbnailUrl":"https:\/\/nezsaiotemplom.hu\/wp-content\/uploads\/2025\/11\/verka_tragediaja.jpg","datePublished":"2025-11-19T21:21:59+00:00","dateModified":"2025-11-19T21:22:00+00:00","author":{"@id":"https:\/\/nezsaiotemplom.hu\/#\/schema\/person\/289262fb29b2509207becfa85561e4dc"},"description":"N\u00e9zsa 1937-ben egy tragikus szerelmi t\u00f6rt\u00e9nettel ker\u00fclt a m\u00e9dia figyelm\u00e9be, amelyben nagy p\u00e9nznyerem\u00e9ny is sz\u00f3ba ker\u00fclt.","breadcrumb":{"@id":"https:\/\/nezsaiotemplom.hu\/index.php\/2025\/11\/19\/nezsa-bulvar-pupos-leany-penznyeremeny\/#breadcrumb"},"inLanguage":"hu","potentialAction":[{"@type":"ReadAction","target":["https:\/\/nezsaiotemplom.hu\/index.php\/2025\/11\/19\/nezsa-bulvar-pupos-leany-penznyeremeny\/"]}]},{"@type":"ImageObject","inLanguage":"hu","@id":"https:\/\/nezsaiotemplom.hu\/index.php\/2025\/11\/19\/nezsa-bulvar-pupos-leany-penznyeremeny\/#primaryimage","url":"https:\/\/nezsaiotemplom.hu\/wp-content\/uploads\/2025\/11\/verka_tragediaja.jpg","contentUrl":"https:\/\/nezsaiotemplom.hu\/wp-content\/uploads\/2025\/11\/verka_tragediaja.jpg","width":900,"height":473},{"@type":"BreadcrumbList","@id":"https:\/\/nezsaiotemplom.hu\/index.php\/2025\/11\/19\/nezsa-bulvar-pupos-leany-penznyeremeny\/#breadcrumb","itemListElement":[{"@type":"ListItem","position":1,"name":"Kezd\u0151lap","item":"https:\/\/nezsaiotemplom.hu\/"},{"@type":"ListItem","position":2,"name":"A szeg\u00e9ny, p\u00fapos n\u00e9zsai varr\u00f3le\u00e1ny tragikus szerencs\u00e9je \u2013 N\u00e9zsa a bulv\u00e1rh\u00edrekben II."}]},{"@type":"WebSite","@id":"https:\/\/nezsaiotemplom.hu\/#website","url":"https:\/\/nezsaiotemplom.hu\/","name":"A n\u00e9zsai \u00f3templom Hist\u00f3ri\u00e1ja","description":"","potentialAction":[{"@type":"SearchAction","target":{"@type":"EntryPoint","urlTemplate":"https:\/\/nezsaiotemplom.hu\/?s={search_term_string}"},"query-input":{"@type":"PropertyValueSpecification","valueRequired":true,"valueName":"search_term_string"}}],"inLanguage":"hu"},{"@type":"Person","@id":"https:\/\/nezsaiotemplom.hu\/#\/schema\/person\/289262fb29b2509207becfa85561e4dc","name":"admin","image":{"@type":"ImageObject","inLanguage":"hu","@id":"https:\/\/nezsaiotemplom.hu\/#\/schema\/person\/image\/","url":"https:\/\/secure.gravatar.com\/avatar\/5fa87eb97814b646bd652fe61a7a67dcab30b7b77d1c925f91281bd855d06f0e?s=96&d=mm&r=g","contentUrl":"https:\/\/secure.gravatar.com\/avatar\/5fa87eb97814b646bd652fe61a7a67dcab30b7b77d1c925f91281bd855d06f0e?s=96&d=mm&r=g","caption":"admin"},"sameAs":["https:\/\/nezsaiotemplom.hu"],"url":"https:\/\/nezsaiotemplom.hu\/index.php\/author\/esem\/"}]}},"_links":{"self":[{"href":"https:\/\/nezsaiotemplom.hu\/index.php\/wp-json\/wp\/v2\/posts\/938","targetHints":{"allow":["GET"]}}],"collection":[{"href":"https:\/\/nezsaiotemplom.hu\/index.php\/wp-json\/wp\/v2\/posts"}],"about":[{"href":"https:\/\/nezsaiotemplom.hu\/index.php\/wp-json\/wp\/v2\/types\/post"}],"author":[{"embeddable":true,"href":"https:\/\/nezsaiotemplom.hu\/index.php\/wp-json\/wp\/v2\/users\/1"}],"replies":[{"embeddable":true,"href":"https:\/\/nezsaiotemplom.hu\/index.php\/wp-json\/wp\/v2\/comments?post=938"}],"version-history":[{"count":2,"href":"https:\/\/nezsaiotemplom.hu\/index.php\/wp-json\/wp\/v2\/posts\/938\/revisions"}],"predecessor-version":[{"id":942,"href":"https:\/\/nezsaiotemplom.hu\/index.php\/wp-json\/wp\/v2\/posts\/938\/revisions\/942"}],"wp:featuredmedia":[{"embeddable":true,"href":"https:\/\/nezsaiotemplom.hu\/index.php\/wp-json\/wp\/v2\/media\/939"}],"wp:attachment":[{"href":"https:\/\/nezsaiotemplom.hu\/index.php\/wp-json\/wp\/v2\/media?parent=938"}],"wp:term":[{"taxonomy":"category","embeddable":true,"href":"https:\/\/nezsaiotemplom.hu\/index.php\/wp-json\/wp\/v2\/categories?post=938"},{"taxonomy":"post_tag","embeddable":true,"href":"https:\/\/nezsaiotemplom.hu\/index.php\/wp-json\/wp\/v2\/tags?post=938"}],"curies":[{"name":"wp","href":"https:\/\/api.w.org\/{rel}","templated":true}]}}