{"id":944,"date":"2025-11-27T22:03:25","date_gmt":"2025-11-27T22:03:25","guid":{"rendered":"https:\/\/nezsaiotemplom.hu\/?p=944"},"modified":"2025-11-28T19:16:51","modified_gmt":"2025-11-28T19:16:51","slug":"nezsa-a-nezsai-lo-aki-nem-a-kincsem","status":"publish","type":"post","link":"https:\/\/nezsaiotemplom.hu\/index.php\/2025\/11\/27\/nezsa-a-nezsai-lo-aki-nem-a-kincsem\/","title":{"rendered":"N\u00e9zsa, a n\u00e9zsai l\u00f3, aki nem a Kincsem"},"content":{"rendered":"\n<h3 class=\"wp-block-heading\">T\u00e9nyleg igyekszem megfogadni az ellenkez\u0151j\u00e9t, de azt\u00e1n val\u00f3j\u00e1ban minden posztot kicsit t\u00fal\u00edrok, \u00e9s tartok t\u0151le, most is ez fog megt\u00f6rt\u00e9nni, ugyanis nem \u00e9rtek a l\u00f3versenyhez. S\u0151t, alapvet\u0151en a lovakhoz sem. Pedig most egy h\u00edres l\u00f3r\u00f3l lesz sz\u00f3, N\u00e9zs\u00e1r\u00f3l. <\/h3>\n\n\n\n<p>Induljunk ki egy helyi, n\u00e9zsai legend\u00e1b\u00f3l. \u00c9s a Kast\u00e9ly el\u0151tti \u00fatkeresztez\u0151d\u00e9sb\u0151l, amelynek \u00e1tellenes oldal\u00e1n a par\u00e1d\u00e9s ist\u00e1ll\u00f3 jobb sorsra v\u00e1r\u00f3 \u00e9p\u00fcletegy\u00fcttese \u00e1ll. Annak fal\u00e1r\u00f3l sok \u00e9ven kereszt\u00fcl hi\u00e1nyoltam egy m\u00e1rv\u00e1nyt\u00e1bl\u00e1t, amelyet a m\u00e9lt\u00e1n h\u00edres Kincsem l\u00f3nak szenteltek volna. Ugyanis t\u00f6bb id\u0151s, m\u00e1ra nem is \u00e9l\u0151 visszaeml\u00e9kez\u0151t\u0151l \u00fagy tudtam, hogy a legend\u00e1s versenyl\u00f3, Kincsem, legal\u00e1bbis itt t\u00f6lt\u00f6tte ifjonci \u00e9veit. Erre pedig joggal lehetne b\u00fcszke N\u00e9zsa. Meg\u00e9rdemelne h\u00e1t ennek eml\u00e9kezete egy m\u00e1rv\u00e1nyt\u00e1bl\u00e1t. Nos, sajnos a hallom\u00e1st\u00f3l eltelt id\u0151ben semmilyen nyom\u00e1t nem tal\u00e1ltam annak, hogy Kincsem a n\u00e9zsai sz\u00e9n\u00e1n nevelkedve v\u00e1lt volna vil\u00e1gh\u00edr\u0171 t\u00e1ltos m\u00e9nn\u00e9. Ez persze nem jelenti, hogy nem \u00edgy volt, csak \u00edr\u00e1ros nyoma nincs. (<em>Ha valaki m\u00e9gis ennek a hiedelemnek a val\u00f3s\u00e1g\u00e1r\u00f3l valamit, nyugodtan kommenteljen. Hi\u00e1nyp\u00f3tl\u00f3 volna, \u00e9s titokban rem\u00e9nykedem is ebben.<\/em>)<\/p>\n\n\n\n<h2 class=\"wp-block-heading\">Nem t\u00e9ved nagyot a n\u00e9zsai t\u00f6rt\u00e9nelmi eml\u00e9kezet<\/h2>\n\n\n\n<p>Ugyanakkor, a t\u00f6rt\u00e9nelmi eml\u00e9kezet \u00e9s a sz\u00e1jhagyom\u00e1ny jellegzetess\u00e9g\u00e9t n\u00e9mileg kitapasztalva azt is fel merem vetni, hogy r\u00e9szigazs\u00e1gaiban legal\u00e1bbis meg\u00e1ll, hogy volt h\u00edres l\u00f3sz\u00fcl\u00f6tte N\u00e9zs\u00e1nak. M\u00e9gha nem is a Kincsem. R\u00e1ad\u00e1sul, mivel \u00e9ppen N\u00e9zs\u00e1nak is h\u00edvt\u00e1k, joggal \u00f6regb\u00edtette m\u00e1r csak nev\u00e9vel is telep\u00fcl\u00e9s\u00fcnk h\u00edrnev\u00e9t. F\u0151leg, hogy a t\u00f6rt\u00e9nelmi kapcsolat \u00e9s az ebb\u0151l kialakult hiedelem abban a tekintetben is fenn\u00e1ll, hogy b\u00e1r nem maguk az eml\u00edtett lovak, de a tulajdonosaik biztosan kapcsolatban \u00e1lltak egym\u00e1ssal. M\u00e9gpedig rokoniban, ugyanis a Blaskovichokr\u00f3l van sz\u00f3. Kincsem l\u00f3 gazd\u00e1ja bizonyos Blaskovich Ern\u0151 volt, aki t\u00e1pi\u00f3szentm\u00e1rotni birtok\u00e1n nevelte f\u00f6l \u00e9s versenyeztette Kincsemet. Ugyanakkor a l\u00f3teny\u00e9szt\u00e9s, a l\u00f3verseny szeretete az eg\u00e9sz Blaskovich-csal\u00e1dra igaz volt. \u00cdgy, ha az nem is igazolhat\u00f3, hogy Kincsem N\u00e9zs\u00e1hoz k\u00f6thet\u0151, de az ann\u00e1l ink\u00e1bb, hogy a Blaskovich-csal\u00e1d n\u00e9zsai \u00e1g\u00e1nak szint\u00e9n volt sikeres versenylova. M\u00e9gpedig a N\u00e9zsa nevezet\u0171 kanca.<\/p>\n\n\n\n<h2 class=\"wp-block-heading\">A h\u00edres, l\u00f3teny\u00e9szt\u0151 Blaskovichok nemcsak Kincsemet adt\u00e1k a l\u00f3sportnak<\/h2>\n\n\n\n<p>N\u00e9zsa, a l\u00f3 tulajdonos\u00e1nak tekintet\u00e9ben kicsit tan\u00e1cstalan vagyok egyel\u0151re, lehetett Blaskovich S\u00e1ndor, vagy a testv\u00e9re, Elem\u00e9r. Most sebt\u00e9ben illene el\u0151cit\u00e1lnom a n\u00e9zsai Blaskovichok csal\u00e1dt\u00f6rt\u00e9net\u00e9t, de ett\u0151l jelen posztban eltekinten\u00e9k. Ahogyan N\u00e9zsa l\u00f3 csal\u00e1df\u00e1j\u00e1nak sem szeretn\u00e9k els\u0151 k\u00f6rben m\u00e9lyebben ut\u00e1naj\u00e1rni, mert a sajt\u00f3h\u00edrek, korabeli sajt\u00f3besz\u00e1mol\u00f3k olyan r\u00e9szletes geneol\u00f3gi\u00e1t vonultatnak fel, mint egyes kir\u00e1lyi csal\u00e1dok eset\u00e9ben. N\u00e9zsa l\u00f3 term\u00e9szetesen meg\u00e9rdemeln\u00e9 p\u00e1lyafut\u00e1s\u00e1nak \u00e9rt\u0151 feldolgoz\u00e1s\u00e1t, ehhez azonban t\u00e9nyleges szakmai ismeretek kellen\u00e9nek. Ezzel jelenleg nem sz\u00e1molhatok. Legyen most el\u00e9g egyetlen korabeli sajt\u00f3h\u00edr a sok k\u00f6z\u00fcl, amely a Vad\u00e1sz-, \u00e9s versenylap c\u00edm\u0171 foly\u00f3irat 1884. m\u00e1rcius 6-ai sz\u00e1m\u00e1ban jelent meg, az \u201e<em>Az idom\u00edt\u00f3 p\u00e1ly\u00e1kon<\/em>\u201d c\u00edm\u0171 rovatban. Az id\u00e9zetet onnant\u00f3l emeltem ki, amely bizonyos kontextusba helyezi a l\u00f3 N\u00e9zs\u00e1t, b\u00e1r ezt a kontextust nem tudom feloldani. Mint ugyanis \u00edrj\u00e1k:<\/p>\n\n\n\n<blockquote class=\"wp-block-quote is-layout-flow wp-block-quote-is-layout-flow\">\n<p><em>A h\u00e1rom\u00e9ves Kettledrum-Dahlia m\u00e9nt, Kir\u00e1lyfit, \u00e9s &#8211; Csalog\u00e1ny h\u00e1rom\u00e9ves le\u00e1ny\u00e1t, Buccaneert\u0151l -Felucc\u00e1t egy\u00fctt l\u00e1ttuk canterezni; amaz igen tetsz\u0151s sz\u00e9p s\u00e1rga m\u00e9n, m\u00e1ris a conditio j\u00f3 magas fok\u00e1n, melyet igen er\u0151s der\u00e9k \u00e9s j\u00f3 l\u00e1bsz\u00e1rak jellemeznek, nagyon sz\u00e9les f\u00f6ld\u00f6n \u00e1ll, s igen sz\u00e9p, hossz\u00fa galoppal is b\u00edr. Felucca kiss\u00e9 nagyobb, magasabb n\u00e1la ; galoppja most m\u00e9g kiss\u00e9 neh\u00e9zkes, de az\u00e9rt egy j\u00f3 l\u00f3 t\u00edpus\u00e1t egyszerre fel lehet benne ismerni. Igen sokat hasonl\u00edt egyes r\u00e9szeiben egy \u00e9vvel id\u0151sebb \u00e9destestv\u00e9r\u00e9hez, N\u00e9zs\u00e1hoz, melyn\u00e9l sokkal er\u0151sebb \u00e9s hatalmasabb, hab\u00e1r nem is oly sz\u00e9p mint \u0151 .Kir\u00e1lyfival canterj\u00e9ben szinte oda tapadt hozz\u00e1, s aligha csal\u00f3dunk, ha benne is \u00e9ppen \u00fagy, mint id\u0151sb testv\u00e9r\u00e9ben, N\u00e9zs\u00e1ban, lovaink egyik legsebesebbik\u00e9t rejteni v\u00e9lj\u00fck. Igen nagy munk\u00e1t ig\u00e9nyelv\u00e9n, a ny\u00e1r dereka el\u0151tt aligha fogunk vele nyilv\u00e1nosan tal\u00e1lkozhatni.<\/em><\/p>\n\n\n\n<p><em>A kurta t\u00e1vols\u00e1gokra oly igen j\u00f3 form\u00e1t mutatott N\u00e9zsa szint\u00e9n igen el\u0151ny\u00f6sen haszn\u00e1lta fel a telet, megsz\u00e9lesedett, meger\u0151s\u00f6d\u00f6tt, s most egyik\u00e9t a legszebb versenylovak k\u00e9p\u00e9nek t\u00fcnteti el\u00e9nk, m\u00e9g kiss\u00e9 k\u00f6v\u00e9r, de, am\u00edg szerepl\u00e9si k\u00f6re megny\u00edlik, a feleslegest bizony\u00e1ra le fogja mag\u00e1r\u00f3l dolgozni.<\/em><\/p>\n<\/blockquote>\n\n\n\n<p>Nos, mint eml\u00edtettem is, a korabeli versenylovak sz\u00e1rmaz\u00e1si t\u00f6rt\u00e9net\u00e9nek ismerete legal\u00e1bbis olyan h\u00e1tt\u00e9rtapasztalatot felt\u00e9telez, mint egyes kir\u00e1lyi csal\u00e1dok eset\u00e9ben. Ami kiolvashat\u00f3, hogy N\u00e9zsa Felucca id\u0151sebb testv\u00e9re volt, ami persze nem annyira fontos, mint ink\u00e1bb, hogy N\u00e9zsa sz\u00e9p volt. Az egyik legszebb, sz\u00e9p karrier el\u0151tt j\u00e1r\u00f3 versenyl\u00f3. Most csak eddigi benyom\u00e1saim alapj\u00e1n \u00edrom, hogy p\u00e1lyafut\u00e1sa elej\u00e9n, tal\u00e1n egy-k\u00e9t \u00e9vvel a bemutatkoz\u00e1sa el\u0151tt. Ennek m\u00e9g igyekszem ut\u00e1nan\u00e9zni. Sz\u00f3val N\u00e9zsa az eml\u00edtett 1884-es \u00e9v tavasz\u00e1ra ugyan kicsit megh\u00edzott \u00e9s tereb\u00e9lyesedett, ami m\u00e9g egy kanca tekintet\u00e9ben is illetlen megjegyz\u00e9s, de a szakma v\u00e1rakoz\u00e1sai szerint s\u00falyfelesleg\u00e9t k\u00e9s\u0151bb ledobta.<\/p>\n\n\n\n<h2 class=\"wp-block-heading\">N\u00e9zsa kanca biztosan d\u00edjnyertes l\u00f3 volt<\/h2>\n\n\n\n<p>Hogy N\u00e9zsa milyen eredm\u00e9nyeket is \u00e9rt el a k\u00e9s\u0151bbiekben, az jelenleg sz\u00e1momra egyel\u0151re kikutathatatlan, mert ahhoz a l\u00f3versenysport behat\u00f3bb korabeli ismeret\u00e9t felt\u00e9telezn\u00e9. Azt ugyanakkor, tal\u00e1n el\u00f6lj\u00e1r\u00f3ban le\u00edrhatom, hogy N\u00e9zsa az 1890-es ( a cikk megjelen\u00e9se ut\u00e1n hat \u00e9vvel k\u00e9s\u0151bbi) Magyar St. Leger-t, a versenylovak hossz\u00fa t\u00e1v\u00fa verseny\u00e9t, p\u00e9ld\u00e1ul megnyerte.<\/p>\n\n\n\n<p>B\u00e1rcsak lenne, aki k\u00f6zs\u00e9g\u00fcnk helyt\u00f6rt\u00e9net\u00e9nek kutat\u00e1s\u00e1ban \u00e9ppoly lelkes szem\u00e9ly, aki j\u00e1rtas a l\u00f3versenyek vil\u00e1g\u00e1ban is! T\u0151lem jelenleg ennyi telt, de, \u00edg\u00e9rem, megpr\u00f3b\u00e1lom N\u00e9zsa l\u00f3 karrierj\u00e9t r\u00e9szletesebben feldolgozni. Ha b\u00e1rki m\u00e1s szeretn\u00e9, aki profibb, sz\u00edvesen \u00e1tengedem ezt a t\u00f6rt\u00e9netet\u2026<\/p>\n","protected":false},"excerpt":{"rendered":"<p>T\u00e9nyleg igyekszem megfogadni az ellenkez\u0151j\u00e9t, de azt\u00e1n val\u00f3j\u00e1ban minden posztot kicsit t\u00fal\u00edrok, \u00e9s tartok t\u0151le, most is ez fog megt\u00f6rt\u00e9nni, ugyanis nem \u00e9rtek a l\u00f3versenyhez. S\u0151t, alapvet\u0151en a lovakhoz sem. Pedig most egy h\u00edres l\u00f3r\u00f3l lesz sz\u00f3, N\u00e9zs\u00e1r\u00f3l. Induljunk ki egy helyi, n\u00e9zsai legend\u00e1b\u00f3l. \u00c9s a Kast\u00e9ly el\u0151tti \u00fatkeresztez\u0151d\u00e9sb\u0151l, amelynek \u00e1tellenes oldal\u00e1n a par\u00e1d\u00e9s ist\u00e1ll\u00f3&#8230;<\/p>\n","protected":false},"author":1,"featured_media":945,"comment_status":"open","ping_status":"open","sticky":false,"template":"","format":"standard","meta":{"_monsterinsights_skip_tracking":false,"_monsterinsights_sitenote_active":false,"_monsterinsights_sitenote_note":"","_monsterinsights_sitenote_category":0,"_uf_show_specific_survey":0,"_uf_disable_surveys":false,"footnotes":""},"categories":[8],"tags":[122,120,121,16,115],"class_list":["post-944","post","type-post","status-publish","format-standard","has-post-thumbnail","hentry","category-a-kronikas-blogja","tag-blaskovich","tag-lo","tag-lovi","tag-nezsa","tag-sajtotortenet"],"yoast_head":"<!-- This site is optimized with the Yoast SEO plugin v26.2 - https:\/\/yoast.com\/wordpress\/plugins\/seo\/ -->\n<title>N\u00e9zsa, a n\u00e9zsai l\u00f3, aki nem a Kincsem - A n\u00e9zsai \u00f3templom Hist\u00f3ri\u00e1ja<\/title>\n<meta name=\"description\" content=\"N\u00e9zsa k\u00f6zs\u00e9g eml\u00e9kezet\u00e9ben \u00e9l Kincsem l\u00f3, de val\u00f3j\u00e1ban a Blaskovichok egy m\u00e1sik \u00e1ga teny\u00e9sztett h\u00edres versenylovat, N\u00e9zsa n\u00e9ven.\" \/>\n<meta name=\"robots\" content=\"index, follow, max-snippet:-1, max-image-preview:large, max-video-preview:-1\" \/>\n<link rel=\"canonical\" href=\"https:\/\/nezsaiotemplom.hu\/index.php\/2025\/11\/27\/nezsa-a-nezsai-lo-aki-nem-a-kincsem\/\" \/>\n<meta property=\"og:locale\" content=\"hu_HU\" \/>\n<meta property=\"og:type\" content=\"article\" \/>\n<meta property=\"og:title\" content=\"N\u00e9zsa, a n\u00e9zsai l\u00f3, aki nem a Kincsem - A n\u00e9zsai \u00f3templom Hist\u00f3ri\u00e1ja\" \/>\n<meta property=\"og:description\" content=\"N\u00e9zsa k\u00f6zs\u00e9g eml\u00e9kezet\u00e9ben \u00e9l Kincsem l\u00f3, de val\u00f3j\u00e1ban a Blaskovichok egy m\u00e1sik \u00e1ga teny\u00e9sztett h\u00edres versenylovat, N\u00e9zsa n\u00e9ven.\" \/>\n<meta property=\"og:url\" content=\"https:\/\/nezsaiotemplom.hu\/index.php\/2025\/11\/27\/nezsa-a-nezsai-lo-aki-nem-a-kincsem\/\" \/>\n<meta property=\"og:site_name\" content=\"A n\u00e9zsai \u00f3templom Hist\u00f3ri\u00e1ja\" \/>\n<meta property=\"article:published_time\" content=\"2025-11-27T22:03:25+00:00\" \/>\n<meta property=\"article:modified_time\" content=\"2025-11-28T19:16:51+00:00\" \/>\n<meta property=\"og:image\" content=\"https:\/\/nezsaiotemplom.hu\/wp-content\/uploads\/2025\/11\/kincsem_lo.jpg\" \/>\n\t<meta property=\"og:image:width\" content=\"900\" \/>\n\t<meta property=\"og:image:height\" content=\"635\" \/>\n\t<meta property=\"og:image:type\" content=\"image\/jpeg\" \/>\n<meta name=\"author\" content=\"admin\" \/>\n<meta name=\"twitter:card\" content=\"summary_large_image\" \/>\n<meta name=\"twitter:label1\" content=\"Szerz\u0151:\" \/>\n\t<meta name=\"twitter:data1\" content=\"admin\" \/>\n\t<meta name=\"twitter:label2\" content=\"Becs\u00fclt olvas\u00e1si id\u0151\" \/>\n\t<meta name=\"twitter:data2\" content=\"4 perc\" \/>\n<script type=\"application\/ld+json\" class=\"yoast-schema-graph\">{\"@context\":\"https:\/\/schema.org\",\"@graph\":[{\"@type\":\"WebPage\",\"@id\":\"https:\/\/nezsaiotemplom.hu\/index.php\/2025\/11\/27\/nezsa-a-nezsai-lo-aki-nem-a-kincsem\/\",\"url\":\"https:\/\/nezsaiotemplom.hu\/index.php\/2025\/11\/27\/nezsa-a-nezsai-lo-aki-nem-a-kincsem\/\",\"name\":\"N\u00e9zsa, a n\u00e9zsai l\u00f3, aki nem a Kincsem - A n\u00e9zsai \u00f3templom Hist\u00f3ri\u00e1ja\",\"isPartOf\":{\"@id\":\"https:\/\/nezsaiotemplom.hu\/#website\"},\"primaryImageOfPage\":{\"@id\":\"https:\/\/nezsaiotemplom.hu\/index.php\/2025\/11\/27\/nezsa-a-nezsai-lo-aki-nem-a-kincsem\/#primaryimage\"},\"image\":{\"@id\":\"https:\/\/nezsaiotemplom.hu\/index.php\/2025\/11\/27\/nezsa-a-nezsai-lo-aki-nem-a-kincsem\/#primaryimage\"},\"thumbnailUrl\":\"https:\/\/nezsaiotemplom.hu\/wp-content\/uploads\/2025\/11\/kincsem_lo.jpg\",\"datePublished\":\"2025-11-27T22:03:25+00:00\",\"dateModified\":\"2025-11-28T19:16:51+00:00\",\"author\":{\"@id\":\"https:\/\/nezsaiotemplom.hu\/#\/schema\/person\/289262fb29b2509207becfa85561e4dc\"},\"description\":\"N\u00e9zsa k\u00f6zs\u00e9g eml\u00e9kezet\u00e9ben \u00e9l Kincsem l\u00f3, de val\u00f3j\u00e1ban a Blaskovichok egy m\u00e1sik \u00e1ga teny\u00e9sztett h\u00edres versenylovat, N\u00e9zsa n\u00e9ven.\",\"breadcrumb\":{\"@id\":\"https:\/\/nezsaiotemplom.hu\/index.php\/2025\/11\/27\/nezsa-a-nezsai-lo-aki-nem-a-kincsem\/#breadcrumb\"},\"inLanguage\":\"hu\",\"potentialAction\":[{\"@type\":\"ReadAction\",\"target\":[\"https:\/\/nezsaiotemplom.hu\/index.php\/2025\/11\/27\/nezsa-a-nezsai-lo-aki-nem-a-kincsem\/\"]}]},{\"@type\":\"ImageObject\",\"inLanguage\":\"hu\",\"@id\":\"https:\/\/nezsaiotemplom.hu\/index.php\/2025\/11\/27\/nezsa-a-nezsai-lo-aki-nem-a-kincsem\/#primaryimage\",\"url\":\"https:\/\/nezsaiotemplom.hu\/wp-content\/uploads\/2025\/11\/kincsem_lo.jpg\",\"contentUrl\":\"https:\/\/nezsaiotemplom.hu\/wp-content\/uploads\/2025\/11\/kincsem_lo.jpg\",\"width\":900,\"height\":635},{\"@type\":\"BreadcrumbList\",\"@id\":\"https:\/\/nezsaiotemplom.hu\/index.php\/2025\/11\/27\/nezsa-a-nezsai-lo-aki-nem-a-kincsem\/#breadcrumb\",\"itemListElement\":[{\"@type\":\"ListItem\",\"position\":1,\"name\":\"Kezd\u0151lap\",\"item\":\"https:\/\/nezsaiotemplom.hu\/\"},{\"@type\":\"ListItem\",\"position\":2,\"name\":\"N\u00e9zsa, a n\u00e9zsai l\u00f3, aki nem a Kincsem\"}]},{\"@type\":\"WebSite\",\"@id\":\"https:\/\/nezsaiotemplom.hu\/#website\",\"url\":\"https:\/\/nezsaiotemplom.hu\/\",\"name\":\"A n\u00e9zsai \u00f3templom Hist\u00f3ri\u00e1ja\",\"description\":\"\",\"potentialAction\":[{\"@type\":\"SearchAction\",\"target\":{\"@type\":\"EntryPoint\",\"urlTemplate\":\"https:\/\/nezsaiotemplom.hu\/?s={search_term_string}\"},\"query-input\":{\"@type\":\"PropertyValueSpecification\",\"valueRequired\":true,\"valueName\":\"search_term_string\"}}],\"inLanguage\":\"hu\"},{\"@type\":\"Person\",\"@id\":\"https:\/\/nezsaiotemplom.hu\/#\/schema\/person\/289262fb29b2509207becfa85561e4dc\",\"name\":\"admin\",\"image\":{\"@type\":\"ImageObject\",\"inLanguage\":\"hu\",\"@id\":\"https:\/\/nezsaiotemplom.hu\/#\/schema\/person\/image\/\",\"url\":\"https:\/\/secure.gravatar.com\/avatar\/5fa87eb97814b646bd652fe61a7a67dcab30b7b77d1c925f91281bd855d06f0e?s=96&d=mm&r=g\",\"contentUrl\":\"https:\/\/secure.gravatar.com\/avatar\/5fa87eb97814b646bd652fe61a7a67dcab30b7b77d1c925f91281bd855d06f0e?s=96&d=mm&r=g\",\"caption\":\"admin\"},\"sameAs\":[\"https:\/\/nezsaiotemplom.hu\"],\"url\":\"https:\/\/nezsaiotemplom.hu\/index.php\/author\/esem\/\"}]}<\/script>\n<!-- \/ Yoast SEO plugin. -->","yoast_head_json":{"title":"N\u00e9zsa, a n\u00e9zsai l\u00f3, aki nem a Kincsem - A n\u00e9zsai \u00f3templom Hist\u00f3ri\u00e1ja","description":"N\u00e9zsa k\u00f6zs\u00e9g eml\u00e9kezet\u00e9ben \u00e9l Kincsem l\u00f3, de val\u00f3j\u00e1ban a Blaskovichok egy m\u00e1sik \u00e1ga teny\u00e9sztett h\u00edres versenylovat, N\u00e9zsa n\u00e9ven.","robots":{"index":"index","follow":"follow","max-snippet":"max-snippet:-1","max-image-preview":"max-image-preview:large","max-video-preview":"max-video-preview:-1"},"canonical":"https:\/\/nezsaiotemplom.hu\/index.php\/2025\/11\/27\/nezsa-a-nezsai-lo-aki-nem-a-kincsem\/","og_locale":"hu_HU","og_type":"article","og_title":"N\u00e9zsa, a n\u00e9zsai l\u00f3, aki nem a Kincsem - A n\u00e9zsai \u00f3templom Hist\u00f3ri\u00e1ja","og_description":"N\u00e9zsa k\u00f6zs\u00e9g eml\u00e9kezet\u00e9ben \u00e9l Kincsem l\u00f3, de val\u00f3j\u00e1ban a Blaskovichok egy m\u00e1sik \u00e1ga teny\u00e9sztett h\u00edres versenylovat, N\u00e9zsa n\u00e9ven.","og_url":"https:\/\/nezsaiotemplom.hu\/index.php\/2025\/11\/27\/nezsa-a-nezsai-lo-aki-nem-a-kincsem\/","og_site_name":"A n\u00e9zsai \u00f3templom Hist\u00f3ri\u00e1ja","article_published_time":"2025-11-27T22:03:25+00:00","article_modified_time":"2025-11-28T19:16:51+00:00","og_image":[{"width":900,"height":635,"url":"https:\/\/nezsaiotemplom.hu\/wp-content\/uploads\/2025\/11\/kincsem_lo.jpg","type":"image\/jpeg"}],"author":"admin","twitter_card":"summary_large_image","twitter_misc":{"Szerz\u0151:":"admin","Becs\u00fclt olvas\u00e1si id\u0151":"4 perc"},"schema":{"@context":"https:\/\/schema.org","@graph":[{"@type":"WebPage","@id":"https:\/\/nezsaiotemplom.hu\/index.php\/2025\/11\/27\/nezsa-a-nezsai-lo-aki-nem-a-kincsem\/","url":"https:\/\/nezsaiotemplom.hu\/index.php\/2025\/11\/27\/nezsa-a-nezsai-lo-aki-nem-a-kincsem\/","name":"N\u00e9zsa, a n\u00e9zsai l\u00f3, aki nem a Kincsem - A n\u00e9zsai \u00f3templom Hist\u00f3ri\u00e1ja","isPartOf":{"@id":"https:\/\/nezsaiotemplom.hu\/#website"},"primaryImageOfPage":{"@id":"https:\/\/nezsaiotemplom.hu\/index.php\/2025\/11\/27\/nezsa-a-nezsai-lo-aki-nem-a-kincsem\/#primaryimage"},"image":{"@id":"https:\/\/nezsaiotemplom.hu\/index.php\/2025\/11\/27\/nezsa-a-nezsai-lo-aki-nem-a-kincsem\/#primaryimage"},"thumbnailUrl":"https:\/\/nezsaiotemplom.hu\/wp-content\/uploads\/2025\/11\/kincsem_lo.jpg","datePublished":"2025-11-27T22:03:25+00:00","dateModified":"2025-11-28T19:16:51+00:00","author":{"@id":"https:\/\/nezsaiotemplom.hu\/#\/schema\/person\/289262fb29b2509207becfa85561e4dc"},"description":"N\u00e9zsa k\u00f6zs\u00e9g eml\u00e9kezet\u00e9ben \u00e9l Kincsem l\u00f3, de val\u00f3j\u00e1ban a Blaskovichok egy m\u00e1sik \u00e1ga teny\u00e9sztett h\u00edres versenylovat, N\u00e9zsa n\u00e9ven.","breadcrumb":{"@id":"https:\/\/nezsaiotemplom.hu\/index.php\/2025\/11\/27\/nezsa-a-nezsai-lo-aki-nem-a-kincsem\/#breadcrumb"},"inLanguage":"hu","potentialAction":[{"@type":"ReadAction","target":["https:\/\/nezsaiotemplom.hu\/index.php\/2025\/11\/27\/nezsa-a-nezsai-lo-aki-nem-a-kincsem\/"]}]},{"@type":"ImageObject","inLanguage":"hu","@id":"https:\/\/nezsaiotemplom.hu\/index.php\/2025\/11\/27\/nezsa-a-nezsai-lo-aki-nem-a-kincsem\/#primaryimage","url":"https:\/\/nezsaiotemplom.hu\/wp-content\/uploads\/2025\/11\/kincsem_lo.jpg","contentUrl":"https:\/\/nezsaiotemplom.hu\/wp-content\/uploads\/2025\/11\/kincsem_lo.jpg","width":900,"height":635},{"@type":"BreadcrumbList","@id":"https:\/\/nezsaiotemplom.hu\/index.php\/2025\/11\/27\/nezsa-a-nezsai-lo-aki-nem-a-kincsem\/#breadcrumb","itemListElement":[{"@type":"ListItem","position":1,"name":"Kezd\u0151lap","item":"https:\/\/nezsaiotemplom.hu\/"},{"@type":"ListItem","position":2,"name":"N\u00e9zsa, a n\u00e9zsai l\u00f3, aki nem a Kincsem"}]},{"@type":"WebSite","@id":"https:\/\/nezsaiotemplom.hu\/#website","url":"https:\/\/nezsaiotemplom.hu\/","name":"A n\u00e9zsai \u00f3templom Hist\u00f3ri\u00e1ja","description":"","potentialAction":[{"@type":"SearchAction","target":{"@type":"EntryPoint","urlTemplate":"https:\/\/nezsaiotemplom.hu\/?s={search_term_string}"},"query-input":{"@type":"PropertyValueSpecification","valueRequired":true,"valueName":"search_term_string"}}],"inLanguage":"hu"},{"@type":"Person","@id":"https:\/\/nezsaiotemplom.hu\/#\/schema\/person\/289262fb29b2509207becfa85561e4dc","name":"admin","image":{"@type":"ImageObject","inLanguage":"hu","@id":"https:\/\/nezsaiotemplom.hu\/#\/schema\/person\/image\/","url":"https:\/\/secure.gravatar.com\/avatar\/5fa87eb97814b646bd652fe61a7a67dcab30b7b77d1c925f91281bd855d06f0e?s=96&d=mm&r=g","contentUrl":"https:\/\/secure.gravatar.com\/avatar\/5fa87eb97814b646bd652fe61a7a67dcab30b7b77d1c925f91281bd855d06f0e?s=96&d=mm&r=g","caption":"admin"},"sameAs":["https:\/\/nezsaiotemplom.hu"],"url":"https:\/\/nezsaiotemplom.hu\/index.php\/author\/esem\/"}]}},"_links":{"self":[{"href":"https:\/\/nezsaiotemplom.hu\/index.php\/wp-json\/wp\/v2\/posts\/944","targetHints":{"allow":["GET"]}}],"collection":[{"href":"https:\/\/nezsaiotemplom.hu\/index.php\/wp-json\/wp\/v2\/posts"}],"about":[{"href":"https:\/\/nezsaiotemplom.hu\/index.php\/wp-json\/wp\/v2\/types\/post"}],"author":[{"embeddable":true,"href":"https:\/\/nezsaiotemplom.hu\/index.php\/wp-json\/wp\/v2\/users\/1"}],"replies":[{"embeddable":true,"href":"https:\/\/nezsaiotemplom.hu\/index.php\/wp-json\/wp\/v2\/comments?post=944"}],"version-history":[{"count":3,"href":"https:\/\/nezsaiotemplom.hu\/index.php\/wp-json\/wp\/v2\/posts\/944\/revisions"}],"predecessor-version":[{"id":949,"href":"https:\/\/nezsaiotemplom.hu\/index.php\/wp-json\/wp\/v2\/posts\/944\/revisions\/949"}],"wp:featuredmedia":[{"embeddable":true,"href":"https:\/\/nezsaiotemplom.hu\/index.php\/wp-json\/wp\/v2\/media\/945"}],"wp:attachment":[{"href":"https:\/\/nezsaiotemplom.hu\/index.php\/wp-json\/wp\/v2\/media?parent=944"}],"wp:term":[{"taxonomy":"category","embeddable":true,"href":"https:\/\/nezsaiotemplom.hu\/index.php\/wp-json\/wp\/v2\/categories?post=944"},{"taxonomy":"post_tag","embeddable":true,"href":"https:\/\/nezsaiotemplom.hu\/index.php\/wp-json\/wp\/v2\/tags?post=944"}],"curies":[{"name":"wp","href":"https:\/\/api.w.org\/{rel}","templated":true}]}}